{"id":5370,"date":"2024-08-02T12:08:48","date_gmt":"2024-08-02T15:08:48","guid":{"rendered":"https:\/\/partediario.com.ar\/?p=5370"},"modified":"2024-08-02T12:08:57","modified_gmt":"2024-08-02T15:08:57","slug":"ente-mixto-de-turismo-de-entre-rios-se-inicio-el-analisis-en-el-senado","status":"publish","type":"post","link":"https:\/\/partediario.com.ar\/?p=5370","title":{"rendered":"Ente Mixto de Turismo de Entre R\u00edos: se inici\u00f3 el an\u00e1lisis en el Senado"},"content":{"rendered":"\n<p><strong>Este mi\u00e9rcoles se realiz\u00f3 una reuni\u00f3n conjunta de las Comisiones Mercosur, Turismo y Deportes, y de Presupuesto y Hacienda. En la oportunidad se present\u00f3 el proyecto de ley de autor\u00eda del senador Ramiro Favre junto a sus pares del bloque Juntos por Entre R\u00edos, por el que se crear\u00eda el Ente Mixto de Turismo de la Provincia de Entre R\u00edos (EMTURER).<\/strong><\/p>\n\n\n\n<p>En el recinto de la Honorable C\u00e1mara de Senadores se dieron cita los legisladores que conforman las comisiones permanentes de Mercosur, Turismo y Deportes, y de Presupuesto y Hacienda. Los presidentes de ambas comisiones, Ramiro Favre (Col\u00f3n \u2013 Juntos por Entre R\u00edos) y Rub\u00e9n Dal Mol\u00edn (Federaci\u00f3n \u2013 Juntos por Entre R\u00edos) respectivamente, al dar inicio a la reuni\u00f3n agradecieron la presencia de los funcionarios de la Secretar\u00eda de Turismo de Entre R\u00edos, y destacaron la importancia de un tema al que consideraron \u201ccentral\u201d para la provincia. Los invitados a dar su aporte fueron el secretario de Turismo de Entre R\u00edos, Jorge Satto, la directora de Control de Gesti\u00f3n, Paula Duran, y el director de Inversi\u00f3n y Estad\u00edstica, Mart\u00edn Lima. Tras la reuni\u00f3n, los senadores acordaron que el pr\u00f3ximo encuentro para continuar con el an\u00e1lisis del proyecto se llevar\u00e1 a cabo en la ciudad de Federaci\u00f3n.<\/p>\n\n\n\n<p><strong>Sobre el Proyecto<\/strong><\/p>\n\n\n\n<p>El proyecto consta de 13 cap\u00edtulos y 24 art\u00edculos y por el mismo se crea el Ente Mixto de Turismo de la Provincia de Entre R\u00edos (EMTURER), entidad descentralizada de la Administraci\u00f3n P\u00fablica Provincial, dependiente del Poder Ejecutivo Provincial, con rango ministerial y como autoridad de aplicaci\u00f3n de la Ley N\u00b0 9946 y su Decreto Reglamentario, o las que en lo sucesivo la reemplacen, con personalidad jur\u00eddica de derecho p\u00fablico, integrado por el sector privado y p\u00fablico; teniendo la organizaci\u00f3n y competencias determinadas en la presente ley, con el objeto de dise\u00f1ar y ejecutar pol\u00edticas y programas de desarrollo, fomento y promoci\u00f3n del turismo como actividad econ\u00f3mica estrat\u00e9gica de la Provincia. Se transfieren las responsabilidades primarias, objetivos y acciones, patrimonio, presupuesto y recursos humanos con sus respectivos niveles y Grados Escalafonarios vigentes a la fecha de sanci\u00f3n de la presente ley, al \u00e1mbito del Ente Mixto de Turismo de la Provincia de Entre R\u00edos de las \u00e1reas y dependencias que se enumeran a continuaci\u00f3n: Secretar\u00eda de Turismo y dem\u00e1s \u00e1reas organizativas dependientes de la misma y\/o las que se dispongan a futuro.<\/p>\n\n\n\n<p>A lo largo del texto se detallan objetivos, funciones, facultades, lo relacionado a la organizaci\u00f3n, al directorio, secretar\u00eda ejecutiva, administraci\u00f3n y personal, comisi\u00f3n fiscalizadora, presupuesto y recursos, la participaci\u00f3n p\u00fablico privada y el Consejo Asesor.<\/p>\n\n\n\n<p>Se define que el Ente estar\u00e1 conformado por un Directorio como \u00f3rgano colegiado de Gobierno, una Secretar\u00eda Ejecutiva como \u00f3rgano de administraci\u00f3n y gesti\u00f3n a cargo del vicepresidente del Ente, y una Comisi\u00f3n Fiscalizadora como \u00f3rgano de control de legalidad y resultados. Contar\u00e1 con un Directorio, integrado por el presidente, un vicepresidente y catorce (14) miembros vocales; cinco (5) de ellos pertenecientes al Poder Ejecutivo, dos (2) del Poder Legislativo de Entre R\u00edos, cinco (5) son representantes del sector privado tur\u00edstico de la provincia y dos (2) representantes del sector acad\u00e9mico y profesional.<\/p>\n\n\n\n<p><\/p>\n\n\n\n<figure class=\"wp-block-image size-large\"><img loading=\"lazy\" decoding=\"async\" width=\"1024\" height=\"683\" src=\"https:\/\/partediario.com.ar\/wp-content\/uploads\/PSX_20240731_114845-1024x683.jpg\" alt=\"\" class=\"wp-image-5371\" srcset=\"https:\/\/partediario.com.ar\/wp-content\/uploads\/PSX_20240731_114845-1024x683.jpg 1024w, https:\/\/partediario.com.ar\/wp-content\/uploads\/PSX_20240731_114845-300x200.jpg 300w, https:\/\/partediario.com.ar\/wp-content\/uploads\/PSX_20240731_114845-768x512.jpg 768w, https:\/\/partediario.com.ar\/wp-content\/uploads\/PSX_20240731_114845-1536x1024.jpg 1536w, https:\/\/partediario.com.ar\/wp-content\/uploads\/PSX_20240731_114845.jpg 1620w\" sizes=\"auto, (max-width: 1024px) 100vw, 1024px\" \/><\/figure>\n\n\n\n<p><\/p>\n\n\n\n<p><strong>Aportes<\/strong><\/p>\n\n\n\n<p>Los senadores del bloque Juntos por Entre R\u00edos, Ramiro Favre y Rub\u00e9n Dal Mol\u00edn, enfatizaron en \u201cla modernizaci\u00f3n que es necesaria en estos tiempos para el turismo\u201d. Dal Mol\u00edn resalt\u00f3 la idea que contiene el proyecto de \u201chacer la discusi\u00f3n participativa y eficaz\u201d, al tiempo que adelant\u00f3 que habr\u00e1 reuniones de esta instancia de estudio en varios puntos de la provincia, \u201cporque en cada rinc\u00f3n de Entre r\u00edos hay algo para ofrecer. Se trata de lograr una herramienta para fortalecer y potenciar\u201d.<\/p>\n\n\n\n<p>En el encuentro tambi\u00e9n hicieron uso de la palabra los senadores Jos\u00e9 Gustavo Vergara (Diamante \u2013 Juntos por Entre R\u00edos), Rub\u00e9n Hern\u00e1n Mend\u00e9z (Islas del Ibicuy \u2013 Juntos por Entre R\u00edos) y Gloria Cozzi (Concordia \u2013 Juntos por Entre R\u00edos).<\/p>\n\n\n\n<p>Por su parte, el secretario de Turismo de Entre R\u00edos, Jorge Satto, agradeci\u00f3 la invitaci\u00f3n y explic\u00f3 que no es una conversaci\u00f3n que se pueda acotar a una sola reuni\u00f3n, recalcando que interesa sumar al trabajo participativo al sector privado.<\/p>\n\n\n\n<p>Durante su exposici\u00f3n, el secretario puso como objetivo desarrollar en la provincia un modelo de gesti\u00f3n que tome ejemplos de centros que son exitosos, como Mendoza, C\u00f3rdoba o Bariloche. Asimismo mencion\u00f3 que la ciudad de Paran\u00e1, \u201ctuvo un antes y un despu\u00e9s\u201d cuando constituy\u00f3 un espacio en el que confluyeron esfuerzos del Estado y privados.<\/p>\n\n\n\n<p>\u201cNo es el Estado el prestador del servicio, sino que es el sector privado el que da el servicio de turismo y hay que apuntalarlo para que tenga calidad\u201d, explic\u00f3, para sumar que al turismo \u201clo entendemos como una actividad econ\u00f3mica con numerosas aristas\u201d.<\/p>\n\n\n\n<p>Por otro lado, \u201cempleo de calidad\u201d y \u201cmovilidad econ\u00f3mica de amplios sectores\u201d fueron los ejemplos que utiliz\u00f3 para poner en contexto la importancia del turismo como industria, y apunt\u00f3 que se quiere llegar a la creaci\u00f3n de un organismo \u00e1gil para salir de la mara\u00f1a burocr\u00e1tica. \u201cAgilizar sin perder el control\u201d, precis\u00f3.<\/p>\n\n\n\n<p>Luego, el funcionario provincial recorri\u00f3 algunos de los puntos del proyecto que se comienza a discutir, en un proceso que pretende incluir en el trayecto a los sectores privados, trabajadores, gastron\u00f3micos, hoteleros, profesionales del turismo y al sector acad\u00e9mico, coordinado con los representantes del Estado. \u201cEsto es el esp\u00edritu de la ley\u201d, enfatiz\u00f3 Satto, y se mostr\u00f3 a favor de un \u201can\u00e1lisis exhaustivo, con el equipo junto a los legisladores\u201d. Otros de los conceptos utilizados fueron darle relevancia y provecho a la naturaleza e infraestructura de la provincia para generar empleo y mayor riqueza.<\/p>\n\n\n\n<p>Para finalizar, a\u00f1adi\u00f3 que la creaci\u00f3n del Ente es un reclamo que viene desde hace tiempo. \u201cSe trata de hacer una promoci\u00f3n que haga que el turista elija y vuelva a elegir. Es un disparador de inversiones (el turismo). Si logramos insertar a Entre R\u00edos en algunos nichos, es posible que se logren inversiones importantes en Entre R\u00edos, porque tenemos centros urbanos importantes y pa\u00edses en vecindad, como el Uruguay\u201d, describi\u00f3. Agreg\u00f3 que para aprovechar al m\u00e1ximo todo esto es necesario constituir un esquema de trabajo que contenga a todos los actores y voces del sistema dentro del Ente Mixto.<\/p>\n\n\n\n<p><strong>Intercambios<\/strong><\/p>\n\n\n\n<p>Tras la introducci\u00f3n del secretario, el senador Mart\u00edn Oliva (Uruguay \u2013 M\u00e1s para Entre R\u00edos), transmiti\u00f3 algunas observaciones del texto en discusi\u00f3n y adelant\u00f3 que su bloque trabajar\u00e1 el proyecto para buscar una posici\u00f3n conjunta. De tal modo, el senador puso la mirada en la necesidad de una buena administraci\u00f3n de los recursos en lo que hace al financiamiento de planes estrat\u00e9gicos y a las formas de capacitaci\u00f3n.<\/p>\n\n\n\n<p>Por otro lado, no dej\u00f3 de se\u00f1alar que cuando se aprob\u00f3 la Ley de Ministerios, que demand\u00f3 la actual administraci\u00f3n, se quit\u00f3 de la grilla al Ministerio de Turismo, que estaba contemplado en el texto derogado. Tambi\u00e9n desliz\u00f3 interrogantes sobre la transici\u00f3n de bienes y recursos humanos del Estado que pasar\u00edan a formar parte del Ente, y mencion\u00f3 la importancia de los sistemas de fiscalizaci\u00f3n, e interrog\u00f3 sobre c\u00f3mo ser\u00e1 la participaci\u00f3n de los privados en el nuevo proceso de gobernanza.<\/p>\n\n\n\n<p>Asimismo, el senador Oliva solicit\u00f3 que se analice la posibilidad de incluir dentro de las representaciones a las minor\u00edas, ya que desde la Legislatura estar\u00eda solo representado el oficialismo. Tambi\u00e9n se refiri\u00f3 al objetivo de sumar la representaci\u00f3n de los sectores acad\u00e9micos y pidi\u00f3 claridad sobre la posibilidad de que el Ente brinde servicios que deber\u00edan ser abonados.<\/p>\n\n\n\n<p>En su intervenci\u00f3n tambi\u00e9n mostr\u00f3 preocupaci\u00f3n por preservar la carrera administrativa de aquellos empleados que hoy d\u00eda revistan en el Estado y pasar\u00edan a trabajar en el nuevo espacio. Finalmente, afirm\u00f3 que \u201cla normativa es necesaria\u201d, sobre todo en la b\u00fasqueda de modernizaci\u00f3n. \u201cSon observaciones, no cuestionamientos\u201d, reiter\u00f3 en varias oportunidades, al tiempo que salud\u00f3 la posibilidad de trabajar de este modo.<\/p>\n\n\n\n<p><strong>Un desaf\u00edo<\/strong><\/p>\n\n\n\n<p>Retomando la palabra, el secretario de Turismo, Jorge Satto, dijo que \u201cesto es un desaf\u00edo, porque es m\u00e1s f\u00e1cil seguir como estamos que sentarse en una mesa donde est\u00e1n los representantes del sistema tur\u00edstico\u201d, e inform\u00f3 que cada mes se re\u00fane la Mesa Provincial de Turismo con representantes de todas las localidades. Mencion\u00f3 que a pesar la cantidad extensa de participantes se alcanzan posturas que benefician al conjunto. \u201cEste esquema busca el consenso previo\u201d, acot\u00f3, bregando porque sea \u201cel sistema quien diga el camino a seguir\u201d.<\/p>\n\n\n\n<p>Por \u00faltimo, el secretario provincial coment\u00f3 a los presentes que se analizan otras formas de gesti\u00f3n en provincias y retom\u00f3 el modelo que desarrolla la provincia de C\u00f3rdoba. Adem\u00e1s destac\u00f3 la importancia de las microrregiones y el trabajo que se hace mes a mes para mejorar los servicios. Tambi\u00e9n adelantaron c\u00f3mo se profundizar\u00e1 el relevamiento y uso de datos para contar con estad\u00edsticas cada vez m\u00e1s confiables.<\/p>\n\n\n\n<p><strong>Presencias<\/strong><\/p>\n\n\n\n<p>Estuvieron presentes en el encuentro los miembros de las comisiones: el senador Gustavo Vergara (Diamante \u2013 Juntos por Entre R\u00edos), Juan Pablo Cosso (Villaguay \u2013 M\u00e1s para Entre R\u00edos), Gladys Dom\u00ednguez (Feliciano \u2013 M\u00e1s para Entre R\u00edos), Gloria Cozzi (Concordia \u2013 Juntos por Entre R\u00edos), Mart\u00edn Oliva (Uruguay \u2013 M\u00e1s para Entre R\u00edos), Juan Conti (Tala \u2013 M\u00e1s para Entre R\u00edos), Rub\u00e9n M\u00e9ndez (Islas \u2013 Juntos por Entre R\u00edos), Casiano Otaegui (Gualeguay \u2013 Juntos por Entre R\u00edos) y V\u00edctor Sanzberro (Victoria \u2013 M\u00e1s para Entre R\u00edos).<\/p>\n","protected":false},"excerpt":{"rendered":"<p>Este mi&eacute;rcoles se realiz&oacute; una reuni&oacute;n conjunta de las Comisiones Mercosur, Turismo y Deportes, y de Presupuesto y Hacienda. En la oportunidad se present&oacute; el proyecto de ley de autor&iacute;a del senador Ramiro Favre junto a sus pares del bloque Juntos por Entre R&iacute;os, por el que se crear&iacute;a el Ente Mixto de Turismo de [&hellip;]<\/p>\n","protected":false},"author":2,"featured_media":5372,"comment_status":"open","ping_status":"open","sticky":false,"template":"","format":"standard","meta":{"footnotes":""},"categories":[8,726],"tags":[2234,2233,230,558],"class_list":["post-5370","post","type-post","status-publish","format-standard","has-post-thumbnail","hentry","category-provinciales","category-sociedad","tag-emturer","tag-ramiro-favre","tag-senado","tag-turismo"],"_links":{"self":[{"href":"https:\/\/partediario.com.ar\/index.php?rest_route=\/wp\/v2\/posts\/5370","targetHints":{"allow":["GET"]}}],"collection":[{"href":"https:\/\/partediario.com.ar\/index.php?rest_route=\/wp\/v2\/posts"}],"about":[{"href":"https:\/\/partediario.com.ar\/index.php?rest_route=\/wp\/v2\/types\/post"}],"author":[{"embeddable":true,"href":"https:\/\/partediario.com.ar\/index.php?rest_route=\/wp\/v2\/users\/2"}],"replies":[{"embeddable":true,"href":"https:\/\/partediario.com.ar\/index.php?rest_route=%2Fwp%2Fv2%2Fcomments&post=5370"}],"version-history":[{"count":1,"href":"https:\/\/partediario.com.ar\/index.php?rest_route=\/wp\/v2\/posts\/5370\/revisions"}],"predecessor-version":[{"id":5373,"href":"https:\/\/partediario.com.ar\/index.php?rest_route=\/wp\/v2\/posts\/5370\/revisions\/5373"}],"wp:featuredmedia":[{"embeddable":true,"href":"https:\/\/partediario.com.ar\/index.php?rest_route=\/wp\/v2\/media\/5372"}],"wp:attachment":[{"href":"https:\/\/partediario.com.ar\/index.php?rest_route=%2Fwp%2Fv2%2Fmedia&parent=5370"}],"wp:term":[{"taxonomy":"category","embeddable":true,"href":"https:\/\/partediario.com.ar\/index.php?rest_route=%2Fwp%2Fv2%2Fcategories&post=5370"},{"taxonomy":"post_tag","embeddable":true,"href":"https:\/\/partediario.com.ar\/index.php?rest_route=%2Fwp%2Fv2%2Ftags&post=5370"}],"curies":[{"name":"wp","href":"https:\/\/api.w.org\/{rel}","templated":true}]}}