{"id":5374,"date":"2024-08-02T12:12:39","date_gmt":"2024-08-02T15:12:39","guid":{"rendered":"https:\/\/partediario.com.ar\/?p=5374"},"modified":"2024-08-02T12:12:39","modified_gmt":"2024-08-02T15:12:39","slug":"la-vicegobernadora-recorrio-el-museo-de-la-casa-de-gobierno","status":"publish","type":"post","link":"https:\/\/partediario.com.ar\/?p=5374","title":{"rendered":"La vicegobernadora recorri\u00f3 el museo de la Casa de Gobierno"},"content":{"rendered":"\n<p><strong>Alicia Aluani, fue recibida por el director general de Museos y Patrimonio Cultural, Carlos Iriarte, y recorrieron el Museo Casa de Gobierno. En el encuentro dialogaron sobre incluir visitas guiadas al Senado.<\/strong><\/p>\n\n\n\n<p>Este jueves la vicegobernadora Alicia Aluani visit\u00f3 las instalaciones del Museo de Casa de Gobierno, donde fue recibida por el director general de Museos y Patrimonio Cultural de la provincia, Carlos Iriarte.<\/p>\n\n\n\n<p>All\u00ed recorrieron los diferentes espacios del mobiliario junto a autoridades de la Honorable C\u00e1mara de Senadores: el secretario Sergio Avero: la prosecretaria Sara Foletto; la coordinadora Julieta Sosa; y el director de Prensa y Relaciones Institucionales, Sergio Solari. Tambi\u00e9n estuvieron presentes el director de la Biblioteca Provincial y de la Editorial de Entre R\u00edos, Manuel Arlettaz; y la directora general de Programas Socioculturales, Natalia Prado.<\/p>\n\n\n\n<p><\/p>\n\n\n\n<figure class=\"wp-block-image size-large\"><img loading=\"lazy\" decoding=\"async\" width=\"1024\" height=\"682\" src=\"https:\/\/partediario.com.ar\/wp-content\/uploads\/WhatsApp-Image-2024-08-01-at-15.31.45-1-1024x682.jpeg\" alt=\"\" class=\"wp-image-5375\" srcset=\"https:\/\/partediario.com.ar\/wp-content\/uploads\/WhatsApp-Image-2024-08-01-at-15.31.45-1-1024x682.jpeg 1024w, https:\/\/partediario.com.ar\/wp-content\/uploads\/WhatsApp-Image-2024-08-01-at-15.31.45-1-300x200.jpeg 300w, https:\/\/partediario.com.ar\/wp-content\/uploads\/WhatsApp-Image-2024-08-01-at-15.31.45-1-768x512.jpeg 768w, https:\/\/partediario.com.ar\/wp-content\/uploads\/WhatsApp-Image-2024-08-01-at-15.31.45-1.jpeg 1280w\" sizes=\"auto, (max-width: 1024px) 100vw, 1024px\" \/><\/figure>\n\n\n\n<p><\/p>\n\n\n\n<p>Al respecto, Aluani destac\u00f3 la visita a este museo \u201cque contiene bibliograf\u00eda desde que se puso en funcionamiento la Casa de Gobierno, incluso de escritos de la Legislatura provincial\u201d y agradeci\u00f3 la invitaci\u00f3n del director Iriarte para \u201cformar parte de este recorrido hist\u00f3rico\u201d. Tambi\u00e9n valor\u00f3 la labor que el personal del Museo lleva a a cabo: \u201cuno tiene que resaltar c\u00f3mo se ha conservado toda la documentaci\u00f3n de la \u00e9poca inicial de esta Casa y es muy interesante ser parte de esto\u201d.<\/p>\n\n\n\n<p>Adem\u00e1s, la vicegobernadora manifest\u00f3 la intenci\u00f3n de trabajar en conjunto con la Direcci\u00f3n de Museos y Patrimonio Cultural para incluir visitas guiadas al recinto del Senado entrerriano. \u201cEs tan importante que los chicos y adultos visitantes que tengamos conozcan la importancia que es el lugar donde se promulgan las leyes, se hacen declaraciones de inter\u00e9s y de comunicaci\u00f3n, y ellos tienen que saber cu\u00e1l es la tarea legislativa y en el \u00e1mbito donde se desarrolla\u201d.<\/p>\n\n\n\n<p>Por su parte, Iriarte destac\u00f3 la presencia de Aluani y de las autoridades del Senado provincial: \u201cEs un orgullo que sea una de las primeras autoridades de la provincia que visita este lugar tan emblem\u00e1tico porque nosotros contamos c\u00f3mo funcionan los poderes ejecutivos y legislativos de la provincia de Entre R\u00edos. Es muy importante que hoy est\u00e9 ac\u00e1 y que visualice el trabajo que se realiza de conservaci\u00f3n preventiva y de gu\u00edas\u201d.<\/p>\n\n\n\n<p>Sobre la inclusi\u00f3n del recinto del Senado como nuevo espacio para visitas guiadas, el director expres\u00f3: \u201cComo decimos los que trabajamos en los museos, no se puede querer lo que no se conoce. Uno empieza a querer sus espacios, su historia y toda la importancia de tanto el patrimonio cultural, tanto tangible como intangible, cuando los visita y los conoce\u201d.<\/p>\n\n\n\n<p><strong>Encuentro con alumnos<\/strong><\/p>\n\n\n\n<p><\/p>\n\n\n\n<figure class=\"wp-block-image size-large\"><img loading=\"lazy\" decoding=\"async\" width=\"1024\" height=\"682\" src=\"https:\/\/partediario.com.ar\/wp-content\/uploads\/WhatsApp-Image-2024-08-01-at-15.31.44-1-1024x682.jpeg\" alt=\"\" class=\"wp-image-5376\" srcset=\"https:\/\/partediario.com.ar\/wp-content\/uploads\/WhatsApp-Image-2024-08-01-at-15.31.44-1-1024x682.jpeg 1024w, https:\/\/partediario.com.ar\/wp-content\/uploads\/WhatsApp-Image-2024-08-01-at-15.31.44-1-300x200.jpeg 300w, https:\/\/partediario.com.ar\/wp-content\/uploads\/WhatsApp-Image-2024-08-01-at-15.31.44-1-768x512.jpeg 768w, https:\/\/partediario.com.ar\/wp-content\/uploads\/WhatsApp-Image-2024-08-01-at-15.31.44-1.jpeg 1280w\" sizes=\"auto, (max-width: 1024px) 100vw, 1024px\" \/><\/figure>\n\n\n\n<p><\/p>\n\n\n\n<p>En esta recorrida, la vicegobernadora salud\u00f3 a alumnos de la Escuela N\u00b0 1 \u201cDr. Luis Agote\u201d anexo rural de Gobernador Febre, departamento Nogoy\u00e1, quienes tambi\u00e9n se encontraban visitando el Museo. \u201cHay muchos chicos de distintas escuelas que vienen a hacer el recorrido, y es interesante porque ellos tienen que conocer su identidad e historia como entrerrianos\u201d, expres\u00f3 Aluani.<\/p>\n","protected":false},"excerpt":{"rendered":"<p>Alicia Aluani, fue recibida por el director general de Museos y Patrimonio Cultural, Carlos Iriarte, y recorrieron el Museo Casa de Gobierno. En el encuentro dialogaron sobre incluir visitas guiadas al Senado. Este jueves la vicegobernadora Alicia Aluani visit&oacute; las instalaciones del Museo de Casa de Gobierno, donde fue recibida por el director general de [&hellip;]<\/p>\n","protected":false},"author":2,"featured_media":5377,"comment_status":"open","ping_status":"open","sticky":false,"template":"","format":"standard","meta":{"footnotes":""},"categories":[8,726],"tags":[944,2235,578,996],"class_list":["post-5374","post","type-post","status-publish","format-standard","has-post-thumbnail","hentry","category-provinciales","category-sociedad","tag-alicia-aluani","tag-casa-de-gobierno","tag-museo","tag-visita"],"_links":{"self":[{"href":"https:\/\/partediario.com.ar\/index.php?rest_route=\/wp\/v2\/posts\/5374","targetHints":{"allow":["GET"]}}],"collection":[{"href":"https:\/\/partediario.com.ar\/index.php?rest_route=\/wp\/v2\/posts"}],"about":[{"href":"https:\/\/partediario.com.ar\/index.php?rest_route=\/wp\/v2\/types\/post"}],"author":[{"embeddable":true,"href":"https:\/\/partediario.com.ar\/index.php?rest_route=\/wp\/v2\/users\/2"}],"replies":[{"embeddable":true,"href":"https:\/\/partediario.com.ar\/index.php?rest_route=%2Fwp%2Fv2%2Fcomments&post=5374"}],"version-history":[{"count":1,"href":"https:\/\/partediario.com.ar\/index.php?rest_route=\/wp\/v2\/posts\/5374\/revisions"}],"predecessor-version":[{"id":5378,"href":"https:\/\/partediario.com.ar\/index.php?rest_route=\/wp\/v2\/posts\/5374\/revisions\/5378"}],"wp:featuredmedia":[{"embeddable":true,"href":"https:\/\/partediario.com.ar\/index.php?rest_route=\/wp\/v2\/media\/5377"}],"wp:attachment":[{"href":"https:\/\/partediario.com.ar\/index.php?rest_route=%2Fwp%2Fv2%2Fmedia&parent=5374"}],"wp:term":[{"taxonomy":"category","embeddable":true,"href":"https:\/\/partediario.com.ar\/index.php?rest_route=%2Fwp%2Fv2%2Fcategories&post=5374"},{"taxonomy":"post_tag","embeddable":true,"href":"https:\/\/partediario.com.ar\/index.php?rest_route=%2Fwp%2Fv2%2Ftags&post=5374"}],"curies":[{"name":"wp","href":"https:\/\/api.w.org\/{rel}","templated":true}]}}