{"id":5382,"date":"2024-08-02T18:07:20","date_gmt":"2024-08-02T21:07:20","guid":{"rendered":"https:\/\/partediario.com.ar\/?p=5382"},"modified":"2024-08-02T18:07:22","modified_gmt":"2024-08-02T21:07:22","slug":"parana-y-cordoba-firmaron-un-convenio-de-trabajo-conjunto","status":"publish","type":"post","link":"https:\/\/partediario.com.ar\/?p=5382","title":{"rendered":"Paran\u00e1 y C\u00f3rdoba firmaron un convenio de trabajo conjunto"},"content":{"rendered":"\n<p><strong>El acuerdo fue rubricado este mi\u00e9rcoles por la intendenta Rosario Romero y su par cordob\u00e9s, Daniel Passerini. El objetivo es fortalecer la interrelaci\u00f3n entre ambos gobiernos.<\/strong><\/p>\n\n\n\n<p>El encuentro se realiz\u00f3 en la capital cordobesa en el marco de una agenda com\u00fan entre ambos municipios.<\/p>\n\n\n\n<p>\u201cAgradezco al Gobierno municipal de C\u00f3rdoba que conduce Daniel Passerini. Estamos intercambiando experiencias de gesti\u00f3n en distintas dependencias de la ciudad en materia de ambiente, de cuidados y de controles preventivos\u201d, se\u00f1al\u00f3 Romero.<\/p>\n\n\n\n<p>Al realizar una valoraci\u00f3n de la audiencia, la Presidenta Municipal subray\u00f3 que dicha agenda aport\u00f3 elementos enriquecedores para ejecutar pol\u00edticas p\u00fablicas que fortalezcan a la capital entrerriana, aportando al bienestar de sus ciudadanos.<\/p>\n\n\n\n<p>\u201cC\u00f3rdoba y Paran\u00e1 tenemos un mismo objetivo: mejorar la calidad de vida de los vecinos y vecinas. Hoy nos congregamos para firmar este convenio que busca replicar acciones que generaron resultados positivos. As\u00ed, juntos, la pol\u00edtica se contagia de buenas ideas que traer\u00e1n beneficios para los ciudadanos y ciudadanas, residan donde residan\u201d, destac\u00f3 el intendente de C\u00f3rdoba, Daniel Passerini.Este compromiso tiene como finalidad la articulaci\u00f3n de acciones orientadas a la modernizaci\u00f3n de la gesti\u00f3n y al fomento del desarrollo sustentable y sostenible, as\u00ed como la implementaci\u00f3n de medidas para mejorar los servicios a la comunidad.<\/p>\n\n\n\n<p><\/p>\n\n\n\n<figure class=\"wp-block-image size-large\"><img loading=\"lazy\" decoding=\"async\" width=\"1024\" height=\"682\" src=\"https:\/\/partediario.com.ar\/wp-content\/uploads\/1722533477_a7990d46269e04801aee-1024x682.jpg\" alt=\"\" class=\"wp-image-5383\" srcset=\"https:\/\/partediario.com.ar\/wp-content\/uploads\/1722533477_a7990d46269e04801aee-1024x682.jpg 1024w, https:\/\/partediario.com.ar\/wp-content\/uploads\/1722533477_a7990d46269e04801aee-300x200.jpg 300w, https:\/\/partediario.com.ar\/wp-content\/uploads\/1722533477_a7990d46269e04801aee-768x512.jpg 768w, https:\/\/partediario.com.ar\/wp-content\/uploads\/1722533477_a7990d46269e04801aee.jpg 1265w\" sizes=\"auto, (max-width: 1024px) 100vw, 1024px\" \/><\/figure>\n\n\n\n<p><\/p>\n\n\n\n<p><\/p>\n\n\n\n<p>En este sentido, se firm\u00f3 el convenio marco para el desarrollo de acciones de cooperaci\u00f3n institucional vinculadas a la modernizaci\u00f3n, transferencia tecnol\u00f3gica, servicios p\u00fablicos, ambiente y sustentabilidad, transporte y movilidad urbana, entre otras. En esta l\u00ednea, se establecieron a futuro tareas de colaboraci\u00f3n entre municipios para el dise\u00f1o y ejecuci\u00f3n de pol\u00edticas p\u00fablicas.<\/p>\n\n\n\n<p>Participaron del encuentro el secretario de Gobierno y Coordinador de Gabinete, Santiago Halle; de Servicios P\u00fablicos, Juli\u00e1n Hirschfeld; de Seguridad Vial, Movilidad y Ordenamiento Urbano, Katherina Stickel y el coordinador de Relaciones Institucionales, Juan Coniglio.<\/p>\n","protected":false},"excerpt":{"rendered":"<p>El acuerdo fue rubricado este mi&eacute;rcoles por la intendenta Rosario Romero y su par cordob&eacute;s, Daniel Passerini. El objetivo es fortalecer la interrelaci&oacute;n entre ambos gobiernos. El encuentro se realiz&oacute; en la capital cordobesa en el marco de una agenda com&uacute;n entre ambos municipios. &ldquo;Agradezco al Gobierno municipal de C&oacute;rdoba que conduce Daniel Passerini. Estamos [&hellip;]<\/p>\n","protected":false},"author":2,"featured_media":5384,"comment_status":"open","ping_status":"open","sticky":false,"template":"","format":"standard","meta":{"footnotes":""},"categories":[6,726],"tags":[303,2238,265,242],"class_list":["post-5382","post","type-post","status-publish","format-standard","has-post-thumbnail","hentry","category-locales","category-sociedad","tag-cordoba","tag-daniel-passerini","tag-parana","tag-rosario-romero"],"_links":{"self":[{"href":"https:\/\/partediario.com.ar\/index.php?rest_route=\/wp\/v2\/posts\/5382","targetHints":{"allow":["GET"]}}],"collection":[{"href":"https:\/\/partediario.com.ar\/index.php?rest_route=\/wp\/v2\/posts"}],"about":[{"href":"https:\/\/partediario.com.ar\/index.php?rest_route=\/wp\/v2\/types\/post"}],"author":[{"embeddable":true,"href":"https:\/\/partediario.com.ar\/index.php?rest_route=\/wp\/v2\/users\/2"}],"replies":[{"embeddable":true,"href":"https:\/\/partediario.com.ar\/index.php?rest_route=%2Fwp%2Fv2%2Fcomments&post=5382"}],"version-history":[{"count":1,"href":"https:\/\/partediario.com.ar\/index.php?rest_route=\/wp\/v2\/posts\/5382\/revisions"}],"predecessor-version":[{"id":5385,"href":"https:\/\/partediario.com.ar\/index.php?rest_route=\/wp\/v2\/posts\/5382\/revisions\/5385"}],"wp:featuredmedia":[{"embeddable":true,"href":"https:\/\/partediario.com.ar\/index.php?rest_route=\/wp\/v2\/media\/5384"}],"wp:attachment":[{"href":"https:\/\/partediario.com.ar\/index.php?rest_route=%2Fwp%2Fv2%2Fmedia&parent=5382"}],"wp:term":[{"taxonomy":"category","embeddable":true,"href":"https:\/\/partediario.com.ar\/index.php?rest_route=%2Fwp%2Fv2%2Fcategories&post=5382"},{"taxonomy":"post_tag","embeddable":true,"href":"https:\/\/partediario.com.ar\/index.php?rest_route=%2Fwp%2Fv2%2Ftags&post=5382"}],"curies":[{"name":"wp","href":"https:\/\/api.w.org\/{rel}","templated":true}]}}