{"id":5401,"date":"2024-08-03T09:58:31","date_gmt":"2024-08-03T12:58:31","guid":{"rendered":"https:\/\/partediario.com.ar\/?p=5401"},"modified":"2024-08-03T09:58:32","modified_gmt":"2024-08-03T12:58:32","slug":"clima-en-entre-rios-rige-alerta-por-tormentas","status":"publish","type":"post","link":"https:\/\/partediario.com.ar\/?p=5401","title":{"rendered":"Clima en Entre R\u00edos: rige alerta por tormentas"},"content":{"rendered":"\n<p><strong>El Servicio Meteorol\u00f3gico Nacional (SMN), informa que 12 de los 17 departamentos est\u00e1n en alerta por tormentas que podr\u00edan ser muy fuertes.<\/strong><\/p>\n\n\n\n<p>El s\u00e1bado se inicia en Entre R\u00edos con clima tormentoso. El SMN emiti\u00f3 un alerta por tormentas que involucra a 12 de los 17 departamentos del territorio provincial.<\/p>\n\n\n\n<p>De acuerdo al organismo nacional, los fen\u00f3menos podr\u00edan ser de alt\u00edsima intensidad y desatarse sobre las zonas de Paran\u00e1, La Paz, Diamante, Nogoy\u00e1, Villaguay, Col\u00f3n, Gualeguaych\u00fa, Islas del Ibicuy, Tala, Uruguay, Gualeguay y Victoria.<\/p>\n\n\n\n<p>\u00abEl \u00e1rea ser\u00e1 afectada por tormentas aisladas, algunas localmente fuertes. Las mismas pueden estar acompa\u00f1adas con r\u00e1fagas del sector sur que pueden superar los 70 km\/h. Tambi\u00e9n pueden tener intensa actividad el\u00e9ctrica, y ocasional ca\u00edda de granizo\u00bb.<\/p>\n\n\n\n<p><\/p>\n\n\n\n<figure class=\"wp-block-image size-large\"><img loading=\"lazy\" decoding=\"async\" width=\"1024\" height=\"646\" src=\"https:\/\/partediario.com.ar\/wp-content\/uploads\/scrnli_3_8_2024_9-52-26-1024x646.png\" alt=\"\" class=\"wp-image-5402\" srcset=\"https:\/\/partediario.com.ar\/wp-content\/uploads\/scrnli_3_8_2024_9-52-26-1024x646.png 1024w, https:\/\/partediario.com.ar\/wp-content\/uploads\/scrnli_3_8_2024_9-52-26-300x189.png 300w, https:\/\/partediario.com.ar\/wp-content\/uploads\/scrnli_3_8_2024_9-52-26-768x484.png 768w, https:\/\/partediario.com.ar\/wp-content\/uploads\/scrnli_3_8_2024_9-52-26.png 1140w\" sizes=\"auto, (max-width: 1024px) 100vw, 1024px\" \/><\/figure>\n","protected":false},"excerpt":{"rendered":"<p>El Servicio Meteorol&oacute;gico Nacional (SMN), informa que 12 de los 17 departamentos est&aacute;n en alerta por tormentas que podr&iacute;an ser muy fuertes. El s&aacute;bado se inicia en Entre R&iacute;os con clima tormentoso. El SMN emiti&oacute; un alerta por tormentas que involucra a 12 de los 17 departamentos del territorio provincial. De acuerdo al organismo nacional, [&hellip;]<\/p>\n","protected":false},"author":2,"featured_media":5403,"comment_status":"open","ping_status":"open","sticky":false,"template":"","format":"standard","meta":{"footnotes":""},"categories":[8,726],"tags":[267,257],"class_list":["post-5401","post","type-post","status-publish","format-standard","has-post-thumbnail","hentry","category-provinciales","category-sociedad","tag-clima","tag-entre-rios"],"_links":{"self":[{"href":"https:\/\/partediario.com.ar\/index.php?rest_route=\/wp\/v2\/posts\/5401","targetHints":{"allow":["GET"]}}],"collection":[{"href":"https:\/\/partediario.com.ar\/index.php?rest_route=\/wp\/v2\/posts"}],"about":[{"href":"https:\/\/partediario.com.ar\/index.php?rest_route=\/wp\/v2\/types\/post"}],"author":[{"embeddable":true,"href":"https:\/\/partediario.com.ar\/index.php?rest_route=\/wp\/v2\/users\/2"}],"replies":[{"embeddable":true,"href":"https:\/\/partediario.com.ar\/index.php?rest_route=%2Fwp%2Fv2%2Fcomments&post=5401"}],"version-history":[{"count":1,"href":"https:\/\/partediario.com.ar\/index.php?rest_route=\/wp\/v2\/posts\/5401\/revisions"}],"predecessor-version":[{"id":5404,"href":"https:\/\/partediario.com.ar\/index.php?rest_route=\/wp\/v2\/posts\/5401\/revisions\/5404"}],"wp:featuredmedia":[{"embeddable":true,"href":"https:\/\/partediario.com.ar\/index.php?rest_route=\/wp\/v2\/media\/5403"}],"wp:attachment":[{"href":"https:\/\/partediario.com.ar\/index.php?rest_route=%2Fwp%2Fv2%2Fmedia&parent=5401"}],"wp:term":[{"taxonomy":"category","embeddable":true,"href":"https:\/\/partediario.com.ar\/index.php?rest_route=%2Fwp%2Fv2%2Fcategories&post=5401"},{"taxonomy":"post_tag","embeddable":true,"href":"https:\/\/partediario.com.ar\/index.php?rest_route=%2Fwp%2Fv2%2Ftags&post=5401"}],"curies":[{"name":"wp","href":"https:\/\/api.w.org\/{rel}","templated":true}]}}