{"id":5412,"date":"2024-08-03T11:37:44","date_gmt":"2024-08-03T14:37:44","guid":{"rendered":"https:\/\/partediario.com.ar\/?p=5412"},"modified":"2024-08-03T11:37:45","modified_gmt":"2024-08-03T14:37:45","slug":"el-gobernador-dio-el-inicio-al-rally-de-diamante","status":"publish","type":"post","link":"https:\/\/partediario.com.ar\/?p=5412","title":{"rendered":"El gobernador dio el inicio al Rally de Diamante"},"content":{"rendered":"\n<p><strong>Rogelio Frigerio realiz\u00f3 el lanzamiento simb\u00f3lico de la cuarta fecha del 34\u00ba Campeonato Entrerriano, que se desarrolla hasta este domingo. Destac\u00f3 la vinculaci\u00f3n de las actividades deportivas con el turismo e inst\u00f3 a los intendentes a promoverlas.<\/strong><\/p>\n\n\n\n<p>El titular del Poder Ejecutivo entrerriano baj\u00f3 la Bandera Argentina, ritual automovil\u00edstico equivalente a la orden de largada, en el escenario montado especialmente en la plaza San Mart\u00edn, frente a la sede de la Municipalidad de Diamante, al anochecer de este viernes.<\/p>\n\n\n\n<p>\u00abCreo que hay que apoyar todas estas iniciativas y estas actividades que promueven el turismo, que promueven que los argentinos de otras provincias nos conozcan, que nos vengan a ver. Que sepan las cosas que tenemos para ofrecer\u00bb, destac\u00f3, en referencia a la participaci\u00f3n de 25 autom\u00f3viles, procedentes de distintos puntos del pa\u00eds y de la Rep\u00fablica del Uruguay.<\/p>\n\n\n\n<p>Rogelio Frigerio tambi\u00e9n dio cuenta del impulso de su gesti\u00f3n al deporte en la provincia: \u00abHicimos mucha fuerza para recuperar la carrera de Turismo Carretera en Paran\u00e1 y esta idea de vincular el deporte con la gente, con los vecinos, masificar la pr\u00e1ctica deportiva es, claramente, uno de nuestros objetivos como gobierno\u00bb.<\/p>\n\n\n\n<p>Frigerio aprovech\u00f3 la ocasi\u00f3n para pregonar la actividad tur\u00edstica en la provincia: \u00abHay que vincular todas las actividades con el turismo, que es una fuente de empleo de calidad como pocas otras industrias generan. Y tenemos que incentivarlo con convenciones, actividades deportivas, actividades vinculadas con la naturaleza y la recreaci\u00f3n\u00bb.<\/p>\n\n\n\n<p><\/p>\n\n\n\n<figure class=\"wp-block-image size-full\"><img loading=\"lazy\" decoding=\"async\" width=\"960\" height=\"640\" src=\"https:\/\/partediario.com.ar\/wp-content\/uploads\/vdf9096-frigerio-rally_diamante.jpg\" alt=\"\" class=\"wp-image-5413\" srcset=\"https:\/\/partediario.com.ar\/wp-content\/uploads\/vdf9096-frigerio-rally_diamante.jpg 960w, https:\/\/partediario.com.ar\/wp-content\/uploads\/vdf9096-frigerio-rally_diamante-300x200.jpg 300w, https:\/\/partediario.com.ar\/wp-content\/uploads\/vdf9096-frigerio-rally_diamante-768x512.jpg 768w\" sizes=\"auto, (max-width: 960px) 100vw, 960px\" \/><\/figure>\n\n\n\n<p><\/p>\n\n\n\n<p><strong>La tarea: el trabajo mancomunado<\/strong><\/p>\n\n\n\n<p>\u00abMe parece que es parte del trabajo que tenemos que hacer, tanto de parte del gobernador como de los intendentes: promover y tratar de generar estos `ganchos\u00bf, estas excusas, para que nos conozcan y sepan todo lo que podemos ser, no solo desde el punto de vista de la belleza natural, sino tambi\u00e9n de la calidad humana que tenemos para recibir a la gente\u00bb, ampli\u00f3.<\/p>\n\n\n\n<p>A tono con esto, se explay\u00f3 sobre el trabajo mancomunado entre los sectores p\u00fablico y privado, adelantando: \u00abEste a\u00f1o vamos a tener la ley para conformar el Ente Mixto de Turismo, como prometimos en la campa\u00f1a, como se viene anticipando desde hace much\u00edsimo tiempo pero nunca se concreta. Creo profundamente en la vinculaci\u00f3n entre lo p\u00fablico y lo privado, y creo que lo p\u00fablico tiene que facilitar la inversi\u00f3n y la generaci\u00f3n de empleo y de riqueza en el sector privado. Es la impronta de nuestra gesti\u00f3n, de nuestro gobierno y trabajamos para eso\u00bb.<\/p>\n\n\n\n<p><strong>Un acontecimiento para Diamante<\/strong><\/p>\n\n\n\n<p>Por su parte, el intendente Ezio Gieco, agradeci\u00f3 al mandatario por acompa\u00f1arlo en la noche inicial del evento, \u00abporque es muy importante sentir el apoyo de la provincia en esto\u00bb.<\/p>\n\n\n\n<p>P\u00e1rrafo seguido, coment\u00f3 que para la realizaci\u00f3n de la fecha tuvieron el acompa\u00f1amiento de las empresas de la ciudad y de los diamantinos. \u00abLos diamantinos lo vivimos muy bien y muy contentos, porque hemos logrado realizarlo\u00bb, concluy\u00f3.<\/p>\n","protected":false},"excerpt":{"rendered":"<p>Rogelio Frigerio realiz&oacute; el lanzamiento simb&oacute;lico de la cuarta fecha del 34&ordm; Campeonato Entrerriano, que se desarrolla hasta este domingo. Destac&oacute; la vinculaci&oacute;n de las actividades deportivas con el turismo e inst&oacute; a los intendentes a promoverlas. El titular del Poder Ejecutivo entrerriano baj&oacute; la Bandera Argentina, ritual automovil&iacute;stico equivalente a la orden de largada, [&hellip;]<\/p>\n","protected":false},"author":2,"featured_media":5414,"comment_status":"open","ping_status":"open","sticky":false,"template":"","format":"standard","meta":{"footnotes":""},"categories":[4,8,726],"tags":[327,2252,245],"class_list":["post-5412","post","type-post","status-publish","format-standard","has-post-thumbnail","hentry","category-deportes","category-provinciales","category-sociedad","tag-diamante","tag-rally","tag-rogelio-frigerio"],"_links":{"self":[{"href":"https:\/\/partediario.com.ar\/index.php?rest_route=\/wp\/v2\/posts\/5412","targetHints":{"allow":["GET"]}}],"collection":[{"href":"https:\/\/partediario.com.ar\/index.php?rest_route=\/wp\/v2\/posts"}],"about":[{"href":"https:\/\/partediario.com.ar\/index.php?rest_route=\/wp\/v2\/types\/post"}],"author":[{"embeddable":true,"href":"https:\/\/partediario.com.ar\/index.php?rest_route=\/wp\/v2\/users\/2"}],"replies":[{"embeddable":true,"href":"https:\/\/partediario.com.ar\/index.php?rest_route=%2Fwp%2Fv2%2Fcomments&post=5412"}],"version-history":[{"count":1,"href":"https:\/\/partediario.com.ar\/index.php?rest_route=\/wp\/v2\/posts\/5412\/revisions"}],"predecessor-version":[{"id":5415,"href":"https:\/\/partediario.com.ar\/index.php?rest_route=\/wp\/v2\/posts\/5412\/revisions\/5415"}],"wp:featuredmedia":[{"embeddable":true,"href":"https:\/\/partediario.com.ar\/index.php?rest_route=\/wp\/v2\/media\/5414"}],"wp:attachment":[{"href":"https:\/\/partediario.com.ar\/index.php?rest_route=%2Fwp%2Fv2%2Fmedia&parent=5412"}],"wp:term":[{"taxonomy":"category","embeddable":true,"href":"https:\/\/partediario.com.ar\/index.php?rest_route=%2Fwp%2Fv2%2Fcategories&post=5412"},{"taxonomy":"post_tag","embeddable":true,"href":"https:\/\/partediario.com.ar\/index.php?rest_route=%2Fwp%2Fv2%2Ftags&post=5412"}],"curies":[{"name":"wp","href":"https:\/\/api.w.org\/{rel}","templated":true}]}}