{"id":5416,"date":"2024-08-03T11:45:11","date_gmt":"2024-08-03T14:45:11","guid":{"rendered":"https:\/\/partediario.com.ar\/?p=5416"},"modified":"2024-08-03T11:49:35","modified_gmt":"2024-08-03T14:49:35","slug":"frigerio-entrego-100-bicicletas-a-la-policia-de-entre-rios","status":"publish","type":"post","link":"https:\/\/partediario.com.ar\/?p=5416","title":{"rendered":"Frigerio entreg\u00f3 100 bicicletas a la Polic\u00eda de Entre R\u00edos"},"content":{"rendered":"\n<p><strong>El gobernador Rogelio Frigerio entreg\u00f3 este viernes 100 bicicletas a la Polic\u00eda de Entre R\u00edos que ser\u00e1n destinadas a la prevenci\u00f3n y seguridad p\u00fablica. Fue al visitar la Cl\u00ednica Policial donde acompa\u00f1\u00f3 en la presentaci\u00f3n de la nueva ambulancia de la instituci\u00f3n.<\/strong><\/p>\n\n\n\n<p>\u00abCelebro la oportunidad de estar poniendo en marcha este proyecto de dotar a la Polic\u00eda de nuestra provincia, en esta primera etapa, con 100 bicicletas\u00bb, expres\u00f3 el mandatario durante la ceremonia, en la que estuvo acompa\u00f1ado por el ministro de Seguridad y Justicia, N\u00e9stor Roncaglia y el jefe de la Polic\u00eda, Claudio Gonz\u00e1lez.<\/p>\n\n\n\n<p>Con respecto a la importancia de la incorporaci\u00f3n de las bicicletas a la fuerza dijo que es algo que \u00abparad\u00f3jicamente, moderniza a nuestra polic\u00eda porque es un instrumento que en las urbes de las principales capitales del mundo se usa cada vez m\u00e1s porque tiene much\u00edsimas ventajas: son econ\u00f3micas, amigables con el ambiente, promueven el ejercicio f\u00edsico y le da proximidad a la fuerza policial con la comunidad\u00bb, precis\u00f3.<\/p>\n\n\n\n<p>El gobernador aprovech\u00f3 la ocasi\u00f3n para recordar: \u00abEstamos pasando uno de los momentos m\u00e1s dif\u00edciles que se recuerden en la historia de la Argentina, con una ca\u00edda de la recaudaci\u00f3n solo comparable a la \u00e9poca de la pandemia. Y tenemos que seguir ingeni\u00e1ndolas, trabajando con m\u00e1s compromiso que nunca, m\u00e1s ingenio, m\u00e1s capacidad, m\u00e1s eficiencia y eficacia en la gesti\u00f3n, para seguir d\u00e1ndole respuesta a los vecinos\u00bb. \u00abY esto es un claro ejemplo\u00bb, se\u00f1al\u00f3, en referencia a las bicicletas.<\/p>\n\n\n\n<p>En cuanto a la presentaci\u00f3n de la ambulancia, apunt\u00f3 que tiene que ver \u00abtambi\u00e9n con cuestiones que nosotros promovemos: la eficiencia, la eficacia y la transparencia en el manejo de los recursos de la gente\u00bb.<\/p>\n\n\n\n<p>Destac\u00f3 que la unidad se compr\u00f3 \u00abcon la contribuci\u00f3n mensual, permanente, con el esfuerzo de los propios funcionarios de la Polic\u00eda de Entre R\u00edos\u00bb. Y resalt\u00f3 que para ello \u00abhay que administrar los recursos con eficacia, transparencia y pensando siempre en estos objetivos de cuidar a los que nos cuidan\u00bb, ahora aludiendo al personal policial.<\/p>\n\n\n\n<p><\/p>\n\n\n\n<figure class=\"wp-block-image size-full\"><img loading=\"lazy\" decoding=\"async\" width=\"1024\" height=\"683\" src=\"https:\/\/partediario.com.ar\/wp-content\/uploads\/Compartido-desde-Lightroom-mobile-6.jpg\" alt=\"\" class=\"wp-image-5419\" srcset=\"https:\/\/partediario.com.ar\/wp-content\/uploads\/Compartido-desde-Lightroom-mobile-6.jpg 1024w, https:\/\/partediario.com.ar\/wp-content\/uploads\/Compartido-desde-Lightroom-mobile-6-300x200.jpg 300w, https:\/\/partediario.com.ar\/wp-content\/uploads\/Compartido-desde-Lightroom-mobile-6-768x512.jpg 768w\" sizes=\"auto, (max-width: 1024px) 100vw, 1024px\" \/><\/figure>\n\n\n\n<p><\/p>\n\n\n\n<p>Frigerio no dud\u00f3 que aun \u00abcon recursos escasos\u00bb se podr\u00e1 avanzar en la b\u00fasqueda de uno de los objetivos prioritarios de la gesti\u00f3n que encabeza, \u00abque es cuidar a los entrerrianos\u00bb.<\/p>\n\n\n\n<p>Por \u00faltimo, agradeci\u00f3 a los integrantes de la fuerza \u00abla tarea que realizan d\u00eda a d\u00eda en esta situaci\u00f3n tan complicada\u00bb. \u00abNosotros los tenemos muy en cuenta y sabemos que contamos con la mejor polic\u00eda de la Argentina\u00bb, remarc\u00f3.<\/p>\n\n\n\n<p>Acompa\u00f1\u00f3 en la opotunidad, tambi\u00e9n, el presidente de la C\u00e1mara de Diputados, Gustavo Hein.<\/p>\n\n\n\n<p><strong>Entregas<\/strong><\/p>\n\n\n\n<p>Las 100 bicicletas entregadas al personal de la fuerza policial, de las distintas departamentales de la provincia, fueron adquiridas a trav\u00e9s del gobierno provincial para la prevenci\u00f3n y seguridad p\u00fablica.<\/p>\n\n\n\n<p>En tanto, la ambulancia que ser\u00e1 destinada para el personal policial en emergencia, fue adquirida por un fondo creado por el personal policial que ha permitido la compra de ambulancias a trav\u00e9s del Servicio Defensa y Ayuda al Personal Policial (DAP).<\/p>\n\n\n\n<p><\/p>\n\n\n\n<figure class=\"wp-block-embed is-type-video is-provider-youtube wp-block-embed-youtube wp-embed-aspect-16-9 wp-has-aspect-ratio\"><div class=\"wp-block-embed__wrapper\">\n<iframe loading=\"lazy\" title=\"Frigerio entreg\u00f3 100 bicicletas a la Polic\u00eda de Entre R\u00edos\" width=\"640\" height=\"360\" src=\"https:\/\/www.youtube.com\/embed\/oR3P2atlzvQ?feature=oembed\" frameborder=\"0\" allow=\"accelerometer; autoplay; clipboard-write; encrypted-media; gyroscope; picture-in-picture; web-share\" referrerpolicy=\"strict-origin-when-cross-origin\" allowfullscreen><\/iframe>\n<\/div><\/figure>\n","protected":false},"excerpt":{"rendered":"<p>El gobernador Rogelio Frigerio entreg&oacute; este viernes 100 bicicletas a la Polic&iacute;a de Entre R&iacute;os que ser&aacute;n destinadas a la prevenci&oacute;n y seguridad p&uacute;blica. Fue al visitar la Cl&iacute;nica Policial donde acompa&ntilde;&oacute; en la presentaci&oacute;n de la nueva ambulancia de la instituci&oacute;n. &laquo;Celebro la oportunidad de estar poniendo en marcha este proyecto de dotar a [&hellip;]<\/p>\n","protected":false},"author":2,"featured_media":5418,"comment_status":"open","ping_status":"open","sticky":false,"template":"","format":"standard","meta":{"footnotes":""},"categories":[8,726],"tags":[407,260,213,535,245],"class_list":["post-5416","post","type-post","status-publish","format-standard","has-post-thumbnail","hentry","category-provinciales","category-sociedad","tag-bicicletas","tag-gustavo-hein","tag-nestor-roncaglia","tag-policia","tag-rogelio-frigerio"],"_links":{"self":[{"href":"https:\/\/partediario.com.ar\/index.php?rest_route=\/wp\/v2\/posts\/5416","targetHints":{"allow":["GET"]}}],"collection":[{"href":"https:\/\/partediario.com.ar\/index.php?rest_route=\/wp\/v2\/posts"}],"about":[{"href":"https:\/\/partediario.com.ar\/index.php?rest_route=\/wp\/v2\/types\/post"}],"author":[{"embeddable":true,"href":"https:\/\/partediario.com.ar\/index.php?rest_route=\/wp\/v2\/users\/2"}],"replies":[{"embeddable":true,"href":"https:\/\/partediario.com.ar\/index.php?rest_route=%2Fwp%2Fv2%2Fcomments&post=5416"}],"version-history":[{"count":2,"href":"https:\/\/partediario.com.ar\/index.php?rest_route=\/wp\/v2\/posts\/5416\/revisions"}],"predecessor-version":[{"id":5421,"href":"https:\/\/partediario.com.ar\/index.php?rest_route=\/wp\/v2\/posts\/5416\/revisions\/5421"}],"wp:featuredmedia":[{"embeddable":true,"href":"https:\/\/partediario.com.ar\/index.php?rest_route=\/wp\/v2\/media\/5418"}],"wp:attachment":[{"href":"https:\/\/partediario.com.ar\/index.php?rest_route=%2Fwp%2Fv2%2Fmedia&parent=5416"}],"wp:term":[{"taxonomy":"category","embeddable":true,"href":"https:\/\/partediario.com.ar\/index.php?rest_route=%2Fwp%2Fv2%2Fcategories&post=5416"},{"taxonomy":"post_tag","embeddable":true,"href":"https:\/\/partediario.com.ar\/index.php?rest_route=%2Fwp%2Fv2%2Ftags&post=5416"}],"curies":[{"name":"wp","href":"https:\/\/api.w.org\/{rel}","templated":true}]}}