{"id":5422,"date":"2024-08-03T11:51:52","date_gmt":"2024-08-03T14:51:52","guid":{"rendered":"https:\/\/partediario.com.ar\/?p=5422"},"modified":"2024-08-03T21:57:17","modified_gmt":"2024-08-04T00:57:17","slug":"grave-hecho-estudiante-denuncio-que-fue-abusada-por-tres-jovenes-en-un-hotel-de-bariloche","status":"publish","type":"post","link":"https:\/\/partediario.com.ar\/?p=5422","title":{"rendered":"Grave hecho: estudiante denunci\u00f3 que fue abusada por tres j\u00f3venes en un hotel de Bariloche"},"content":{"rendered":"\n<p><strong>La v\u00edctima es menor de edad y los sospechosos pertenecen a un colegio de Santa Fe. El ataque se habr\u00eda producido en la habitaci\u00f3n del hotel que ellos ocupan durante su viaje de egresados.<\/strong><\/p>\n\n\n\n<p>Tres j\u00f3venes de Santa Fe est\u00e1n siendo investigados por la Justicia de R\u00edo Negro tras ser sindicados como responsables del delito de abuso sexual contra una menor de edad.<\/p>\n\n\n\n<p>Fue la joven quien denunci\u00f3 ante el Ministerio P\u00fablico Fiscal un hecho que ocurri\u00f3 en Bariloche, en el marco del viaje de egresados.<\/p>\n\n\n\n<p>La menor, oriunda de Neuqu\u00e9n, precis\u00f3 que el abuso ocurri\u00f3 en una habitaci\u00f3n del hotel Las Piedras II, ubicado en la calle Palacios al 235, en pleno centro de la ciudad tur\u00edstica.<\/p>\n\n\n\n<p>Si bien hasta el momento no se dio a conocer mucha informaci\u00f3n sobre el episodio, se sabe que los presuntos atacantes habr\u00edan invitado a la v\u00edctima, que padece hipoacusia, al hotel donde ellos se hospedan.<\/p>\n\n\n\n<p>El viernes por la tarde, funcionarios del Ministerio P\u00fablico Fiscal (MPF) de R\u00edo Negro se dirigieron hacia el hotel, que opera la firma santafesina Auckland, para interrogar a los j\u00f3venes.<\/p>\n\n\n\n<p>Medios locales revelaron que luego del abuso habr\u00edan dejado a la chica en la calle y minutos m\u00e1s tarde fue ubicada en cercan\u00edas del pared\u00f3n de la calle Mitre.<\/p>\n","protected":false},"excerpt":{"rendered":"<p>La v&iacute;ctima es menor de edad y los sospechosos pertenecen a un colegio de Santa Fe. El ataque se habr&iacute;a producido en la habitaci&oacute;n del hotel que ellos ocupan durante su viaje de egresados. Tres j&oacute;venes de Santa Fe est&aacute;n siendo investigados por la Justicia de R&iacute;o Negro tras ser sindicados como responsables del delito [&hellip;]<\/p>\n","protected":false},"author":2,"featured_media":5467,"comment_status":"open","ping_status":"open","sticky":false,"template":"","format":"standard","meta":{"footnotes":""},"categories":[5,7],"tags":[1039,2253,2256,2254,2255,1011],"class_list":["post-5422","post","type-post","status-publish","format-standard","has-post-thumbnail","hentry","category-nacionales","category-policiales","tag-abuso","tag-bariloche","tag-hotel","tag-menor","tag-otel","tag-sexual"],"_links":{"self":[{"href":"https:\/\/partediario.com.ar\/index.php?rest_route=\/wp\/v2\/posts\/5422","targetHints":{"allow":["GET"]}}],"collection":[{"href":"https:\/\/partediario.com.ar\/index.php?rest_route=\/wp\/v2\/posts"}],"about":[{"href":"https:\/\/partediario.com.ar\/index.php?rest_route=\/wp\/v2\/types\/post"}],"author":[{"embeddable":true,"href":"https:\/\/partediario.com.ar\/index.php?rest_route=\/wp\/v2\/users\/2"}],"replies":[{"embeddable":true,"href":"https:\/\/partediario.com.ar\/index.php?rest_route=%2Fwp%2Fv2%2Fcomments&post=5422"}],"version-history":[{"count":1,"href":"https:\/\/partediario.com.ar\/index.php?rest_route=\/wp\/v2\/posts\/5422\/revisions"}],"predecessor-version":[{"id":5424,"href":"https:\/\/partediario.com.ar\/index.php?rest_route=\/wp\/v2\/posts\/5422\/revisions\/5424"}],"wp:featuredmedia":[{"embeddable":true,"href":"https:\/\/partediario.com.ar\/index.php?rest_route=\/wp\/v2\/media\/5467"}],"wp:attachment":[{"href":"https:\/\/partediario.com.ar\/index.php?rest_route=%2Fwp%2Fv2%2Fmedia&parent=5422"}],"wp:term":[{"taxonomy":"category","embeddable":true,"href":"https:\/\/partediario.com.ar\/index.php?rest_route=%2Fwp%2Fv2%2Fcategories&post=5422"},{"taxonomy":"post_tag","embeddable":true,"href":"https:\/\/partediario.com.ar\/index.php?rest_route=%2Fwp%2Fv2%2Ftags&post=5422"}],"curies":[{"name":"wp","href":"https:\/\/api.w.org\/{rel}","templated":true}]}}