{"id":5429,"date":"2024-08-03T12:11:56","date_gmt":"2024-08-03T15:11:56","guid":{"rendered":"https:\/\/partediario.com.ar\/?p=5429"},"modified":"2024-08-03T12:12:05","modified_gmt":"2024-08-03T15:12:05","slug":"alerta-en-colombia-investigan-la-foto-de-un-nene-parecido-a-loan-pena-en-un-shopping-de-barranquilla","status":"publish","type":"post","link":"https:\/\/partediario.com.ar\/?p=5429","title":{"rendered":"Alerta en Colombia: investigan la foto de un nene parecido a Loan Pe\u00f1a en un shopping de Barranquilla"},"content":{"rendered":"\n<p><strong>La imagen habr\u00eda sido captada en Barranquilla, Colombia. Los abogados solicitaron a la Justicia que investigue si se trata del ni\u00f1o de cinco a\u00f1os desaparecido en Corrientes desde hace 50 d\u00edas.<\/strong><\/p>\n\n\n\n<p>En las \u00faltimas horas de ayer se viraliz\u00f3 en redes sociales una foto de un ni\u00f1o con caracter\u00edsticas similares a las de Loan Pe\u00f1a, el peque\u00f1o de cinco a\u00f1os desaparecido en Corrientes hace ya 50 d\u00edas. La mam\u00e1 del peque\u00f1o desaparecido, afirma que es \u00e9l y los abogados le pidieron a las Justicia que investigue la imagen.<\/p>\n\n\n\n<p><\/p>\n\n\n\n<figure class=\"wp-block-image size-full\"><img loading=\"lazy\" decoding=\"async\" width=\"987\" height=\"555\" src=\"https:\/\/partediario.com.ar\/wp-content\/uploads\/loan-1.jpg\" alt=\"\" class=\"wp-image-5431\" srcset=\"https:\/\/partediario.com.ar\/wp-content\/uploads\/loan-1.jpg 987w, https:\/\/partediario.com.ar\/wp-content\/uploads\/loan-1-300x169.jpg 300w, https:\/\/partediario.com.ar\/wp-content\/uploads\/loan-1-768x432.jpg 768w\" sizes=\"auto, (max-width: 987px) 100vw, 987px\" \/><\/figure>\n\n\n\n<p><\/p>\n\n\n\n<p>Uno de los abogados que representa a los padres, Gustavo Briend, confirm\u00f3 que recibieron la foto y que \u201cse est\u00e1 investigando\u201d, aunque aclar\u00f3 que son prudentes sobre la veracidad de la pista aportada a trav\u00e9s de las redes sociales.<\/p>\n\n\n\n<p>Lo que se sabe es que la foto fue tomada en un shopping de la ciudad colombiana de Barranquilla. En principio hay dos mujeres y un hombre sentado, con pantal\u00f3n corto. Es importante destacar que el nene que mira a la c\u00e1mara que capt\u00f3 la foto. Tambi\u00e9n se puede ver una escalera mec\u00e1nica y mostrador.<\/p>\n\n\n\n<p>\u201cTiene sus ojos, su mirada\u201d, destac\u00f3 la madre de Loan. El padre cree lo mismo: \u201cPara nosotros es Loan. Es mi hijo\u201d, se\u00f1al\u00f3. Mariano, hermano del ni\u00f1o tampoco duda sobre la foto: \u201cEs mi hermano\u201d, afirm\u00f3.<\/p>\n","protected":false},"excerpt":{"rendered":"<p>La imagen habr&iacute;a sido captada en Barranquilla, Colombia. Los abogados solicitaron a la Justicia que investigue si se trata del ni&ntilde;o de cinco a&ntilde;os desaparecido en Corrientes desde hace 50 d&iacute;as. En las &uacute;ltimas horas de ayer se viraliz&oacute; en redes sociales una foto de un ni&ntilde;o con caracter&iacute;sticas similares a las de Loan Pe&ntilde;a, [&hellip;]<\/p>\n","protected":false},"author":2,"featured_media":5432,"comment_status":"open","ping_status":"open","sticky":false,"template":"","format":"standard","meta":{"footnotes":""},"categories":[9,5,7],"tags":[2258,489],"class_list":["post-5429","post","type-post","status-publish","format-standard","has-post-thumbnail","hentry","category-internacionales","category-nacionales","category-policiales","tag-barranquilla","tag-loan-danilo-pena"],"_links":{"self":[{"href":"https:\/\/partediario.com.ar\/index.php?rest_route=\/wp\/v2\/posts\/5429","targetHints":{"allow":["GET"]}}],"collection":[{"href":"https:\/\/partediario.com.ar\/index.php?rest_route=\/wp\/v2\/posts"}],"about":[{"href":"https:\/\/partediario.com.ar\/index.php?rest_route=\/wp\/v2\/types\/post"}],"author":[{"embeddable":true,"href":"https:\/\/partediario.com.ar\/index.php?rest_route=\/wp\/v2\/users\/2"}],"replies":[{"embeddable":true,"href":"https:\/\/partediario.com.ar\/index.php?rest_route=%2Fwp%2Fv2%2Fcomments&post=5429"}],"version-history":[{"count":1,"href":"https:\/\/partediario.com.ar\/index.php?rest_route=\/wp\/v2\/posts\/5429\/revisions"}],"predecessor-version":[{"id":5433,"href":"https:\/\/partediario.com.ar\/index.php?rest_route=\/wp\/v2\/posts\/5429\/revisions\/5433"}],"wp:featuredmedia":[{"embeddable":true,"href":"https:\/\/partediario.com.ar\/index.php?rest_route=\/wp\/v2\/media\/5432"}],"wp:attachment":[{"href":"https:\/\/partediario.com.ar\/index.php?rest_route=%2Fwp%2Fv2%2Fmedia&parent=5429"}],"wp:term":[{"taxonomy":"category","embeddable":true,"href":"https:\/\/partediario.com.ar\/index.php?rest_route=%2Fwp%2Fv2%2Fcategories&post=5429"},{"taxonomy":"post_tag","embeddable":true,"href":"https:\/\/partediario.com.ar\/index.php?rest_route=%2Fwp%2Fv2%2Ftags&post=5429"}],"curies":[{"name":"wp","href":"https:\/\/api.w.org\/{rel}","templated":true}]}}