{"id":5437,"date":"2024-08-03T12:20:20","date_gmt":"2024-08-03T15:20:20","guid":{"rendered":"https:\/\/partediario.com.ar\/?p=5437"},"modified":"2024-08-03T12:20:21","modified_gmt":"2024-08-03T15:20:21","slug":"pezzella-vuelve-a-river-plate-y-refuerza-el-inicio-de-la-gestion-gallardo","status":"publish","type":"post","link":"https:\/\/partediario.com.ar\/?p=5437","title":{"rendered":"Pezzella vuelve a River Plate y refuerza el inicio de la gesti\u00f3n Gallardo"},"content":{"rendered":"\n<p><strong>Germ\u00e1n Pezzella arrib\u00f3 a un acuerdo para volver a River Plate y reforzarlo en el nuevo ciclo que iniciar\u00e1 Marcelo Gallardo al frente del equipo y este viernes, en una historia en su cuenta de Instagram, dej\u00f3 entrever cu\u00e1nto lo ilusiona su pr\u00f3ximo desaf\u00edo.<\/strong><\/p>\n\n\n\n<p>\u201cNos merecemos bellos milagros y ocurrir\u00e1n\u2026\u201d, expres\u00f3 en un breve video en el que acompa\u00f1a la canci\u00f3n Amok! Amok! del Indio Solari y Los Fundamentalistas del Aire Acondicionado.<\/p>\n\n\n\n<p>Este viernes, trascendi\u00f3 que la dirigencia encabezada por Jorge Brito se hab\u00eda movido r\u00e1pido para cerrar la repatriaci\u00f3n del campe\u00f3n del mundo con la Selecci\u00f3n Argentina en el Mundial Qatar 2022. El club pagar\u00e1 un poco m\u00e1s del valor de la cl\u00e1usula de salida de Betis, cuatro millones de euros, ya que el jugador pretend\u00eda marcharse en buenos t\u00e9rminos por haber llegado a ser considerado un referente.<\/p>\n\n\n\n<p>Este a\u00f1o, el conjunto espa\u00f1ol hab\u00eda aceptado bajarle la cl\u00e1usula de 50 millones a cuatro, en un claro gui\u00f1o ante la voluntad del jugador de abrirle las puertas al Millo. Ya En N\u00fa\u00f1ez, firmar\u00e1 contrato hasta diciembre de 2027.<\/p>\n\n\n\n<p>Conociendo que en River estaban dispuestos a desembolsar cerca de 7.5 millones de d\u00f3lares a pedido de Mart\u00edn Demichelis por el 75 por ciento del pase de Valent\u00edn G\u00f3mez, quien no pas\u00f3 la revisi\u00f3n m\u00e9dica en Palermo de Italia -que luego iba a cederlo al Millonario-, el hist\u00f3rico DT pidi\u00f3 ir nuevamente a la carga por Pezzella, cuya negociaci\u00f3n costar\u00eda mucho menos dinero.<\/p>\n","protected":false},"excerpt":{"rendered":"<p>Germ&aacute;n Pezzella arrib&oacute; a un acuerdo para volver a River Plate y reforzarlo en el nuevo ciclo que iniciar&aacute; Marcelo Gallardo al frente del equipo y este viernes, en una historia en su cuenta de Instagram, dej&oacute; entrever cu&aacute;nto lo ilusiona su pr&oacute;ximo desaf&iacute;o. &ldquo;Nos merecemos bellos milagros y ocurrir&aacute;n&hellip;&rdquo;, expres&oacute; en un breve video [&hellip;]<\/p>\n","protected":false},"author":2,"featured_media":5438,"comment_status":"open","ping_status":"open","sticky":false,"template":"","format":"standard","meta":{"footnotes":""},"categories":[4,5],"tags":[2261,2129,2085],"class_list":["post-5437","post","type-post","status-publish","format-standard","has-post-thumbnail","hentry","category-deportes","category-nacionales","tag-german-pezzella","tag-marcelo-gallardo","tag-river-plate"],"_links":{"self":[{"href":"https:\/\/partediario.com.ar\/index.php?rest_route=\/wp\/v2\/posts\/5437","targetHints":{"allow":["GET"]}}],"collection":[{"href":"https:\/\/partediario.com.ar\/index.php?rest_route=\/wp\/v2\/posts"}],"about":[{"href":"https:\/\/partediario.com.ar\/index.php?rest_route=\/wp\/v2\/types\/post"}],"author":[{"embeddable":true,"href":"https:\/\/partediario.com.ar\/index.php?rest_route=\/wp\/v2\/users\/2"}],"replies":[{"embeddable":true,"href":"https:\/\/partediario.com.ar\/index.php?rest_route=%2Fwp%2Fv2%2Fcomments&post=5437"}],"version-history":[{"count":1,"href":"https:\/\/partediario.com.ar\/index.php?rest_route=\/wp\/v2\/posts\/5437\/revisions"}],"predecessor-version":[{"id":5439,"href":"https:\/\/partediario.com.ar\/index.php?rest_route=\/wp\/v2\/posts\/5437\/revisions\/5439"}],"wp:featuredmedia":[{"embeddable":true,"href":"https:\/\/partediario.com.ar\/index.php?rest_route=\/wp\/v2\/media\/5438"}],"wp:attachment":[{"href":"https:\/\/partediario.com.ar\/index.php?rest_route=%2Fwp%2Fv2%2Fmedia&parent=5437"}],"wp:term":[{"taxonomy":"category","embeddable":true,"href":"https:\/\/partediario.com.ar\/index.php?rest_route=%2Fwp%2Fv2%2Fcategories&post=5437"},{"taxonomy":"post_tag","embeddable":true,"href":"https:\/\/partediario.com.ar\/index.php?rest_route=%2Fwp%2Fv2%2Ftags&post=5437"}],"curies":[{"name":"wp","href":"https:\/\/api.w.org\/{rel}","templated":true}]}}