{"id":5443,"date":"2024-08-03T12:32:41","date_gmt":"2024-08-03T15:32:41","guid":{"rendered":"https:\/\/partediario.com.ar\/?p=5443"},"modified":"2024-08-03T12:32:43","modified_gmt":"2024-08-03T15:32:43","slug":"mas-criticas-de-mauricio-macri-al-gobierno-hay-que-mejorar-la-gestion-expreso","status":"publish","type":"post","link":"https:\/\/partediario.com.ar\/?p=5443","title":{"rendered":"M\u00e1s cr\u00edticas de Mauricio Macri al gobierno: \u201cHay que mejorar la gesti\u00f3n\u201d, expres\u00f3"},"content":{"rendered":"\n<p><strong>Mauricio Macri renov\u00f3 sus cr\u00edticas al Gobierno al afirmar que \u201ctodav\u00eda hay organismos que siguen manos del kirchnerismo\u201d. Cuestion\u00f3 nuevamente a Santiago Caputo, asesor presidencial.<\/strong><\/p>\n\n\n\n<p>\u201cDurante meses tuve un di\u00e1logo intenso con Caputo. Se planificaron varias cosas y ninguna se cumpli\u00f3. Todos queremos que al Presidente le vaya bien. Queremos ayudar. No discutimos poder ni cargos\u201d, apunt\u00f3 el exmandatario en una entrevista radial. Y acot\u00f3: \u201cLamento si Guillermo Francos entendi\u00f3 otra cosa\u201d.<\/p>\n\n\n\n<p>\u201cHay que mejorar la gesti\u00f3n. Hay muchos organismos de segundo y tercer nivel que siguen en manos del kirchnerismo\u201d, reclam\u00f3 Macri.<\/p>\n\n\n\n<p>El exmandatario destac\u00f3 que el acto de relanzamiento del PRO el jueves pasado \u201ctiene con volver a decir qui\u00e9nes somos y para qu\u00e9 vinimos a la pol\u00edtica\u201d. En ese sentido, subray\u00f3: \u201cLo hicimos para luchar por el cambio y el mundo hoy nos da la raz\u00f3n: el que no cambia, retrocede\u201d.<\/p>\n\n\n\n<p>\u201cHay que aprender para que no haya otra derrota. Y se aprende batallando, ganando, perdiendo, acumulando experiencias\u201d, a\u00f1adi\u00f3.<\/p>\n\n\n\n<p>Macri compar\u00f3 el proceso pol\u00edtico y social del a\u00f1o 2015, cuando se produjo su desembarco en la Casa Rosada, y el actual. \u201cLa gran diferencia es que hoy realmente la mayor\u00eda de los argentinos se dio cuenta de que quiere cambiar. Quieren m\u00e1s cambios y m\u00e1s r\u00e1pido\u201d, concluy\u00f3.<\/p>\n","protected":false},"excerpt":{"rendered":"<p>Mauricio Macri renov&oacute; sus cr&iacute;ticas al Gobierno al afirmar que &ldquo;todav&iacute;a hay organismos que siguen manos del kirchnerismo&rdquo;. Cuestion&oacute; nuevamente a Santiago Caputo, asesor presidencial. &ldquo;Durante meses tuve un di&aacute;logo intenso con Caputo. Se planificaron varias cosas y ninguna se cumpli&oacute;. Todos queremos que al Presidente le vaya bien. Queremos ayudar. No discutimos poder ni [&hellip;]<\/p>\n","protected":false},"author":2,"featured_media":5444,"comment_status":"open","ping_status":"open","sticky":false,"template":"","format":"standard","meta":{"footnotes":""},"categories":[5,176],"tags":[1461,224,329,232,792,1101],"class_list":["post-5443","post","type-post","status-publish","format-standard","has-post-thumbnail","hentry","category-nacionales","category-politica","tag-criticas","tag-gobierno","tag-guillermo-francos","tag-javier-milei","tag-luis-caputo","tag-mauricio-macri"],"_links":{"self":[{"href":"https:\/\/partediario.com.ar\/index.php?rest_route=\/wp\/v2\/posts\/5443","targetHints":{"allow":["GET"]}}],"collection":[{"href":"https:\/\/partediario.com.ar\/index.php?rest_route=\/wp\/v2\/posts"}],"about":[{"href":"https:\/\/partediario.com.ar\/index.php?rest_route=\/wp\/v2\/types\/post"}],"author":[{"embeddable":true,"href":"https:\/\/partediario.com.ar\/index.php?rest_route=\/wp\/v2\/users\/2"}],"replies":[{"embeddable":true,"href":"https:\/\/partediario.com.ar\/index.php?rest_route=%2Fwp%2Fv2%2Fcomments&post=5443"}],"version-history":[{"count":1,"href":"https:\/\/partediario.com.ar\/index.php?rest_route=\/wp\/v2\/posts\/5443\/revisions"}],"predecessor-version":[{"id":5445,"href":"https:\/\/partediario.com.ar\/index.php?rest_route=\/wp\/v2\/posts\/5443\/revisions\/5445"}],"wp:featuredmedia":[{"embeddable":true,"href":"https:\/\/partediario.com.ar\/index.php?rest_route=\/wp\/v2\/media\/5444"}],"wp:attachment":[{"href":"https:\/\/partediario.com.ar\/index.php?rest_route=%2Fwp%2Fv2%2Fmedia&parent=5443"}],"wp:term":[{"taxonomy":"category","embeddable":true,"href":"https:\/\/partediario.com.ar\/index.php?rest_route=%2Fwp%2Fv2%2Fcategories&post=5443"},{"taxonomy":"post_tag","embeddable":true,"href":"https:\/\/partediario.com.ar\/index.php?rest_route=%2Fwp%2Fv2%2Ftags&post=5443"}],"curies":[{"name":"wp","href":"https:\/\/api.w.org\/{rel}","templated":true}]}}