{"id":5446,"date":"2024-08-03T12:37:54","date_gmt":"2024-08-03T15:37:54","guid":{"rendered":"https:\/\/partediario.com.ar\/?p=5446"},"modified":"2024-08-03T12:37:55","modified_gmt":"2024-08-03T15:37:55","slug":"congreso-3-mil-preguntas-esperan-a-guillermo-francos-en-la-camara-baja","status":"publish","type":"post","link":"https:\/\/partediario.com.ar\/?p=5446","title":{"rendered":"Congreso: 3 mil preguntas esperan a Guillermo Francos en la C\u00e1mara Baja"},"content":{"rendered":"\n<p><strong>Esta ser\u00e1 la primera vez que el exministro del Interior cumpla con el mandato constitucional de reportar sobre la gesti\u00f3n de gobierno.<\/strong><\/p>\n\n\n\n<p>El jefe de Gabinete, Guillermo Francos, dar\u00e1 su primer informe de gesti\u00f3n ante el Congreso entre fines de agosto y principios de septiembre. Ser\u00e1 la primera vez que el exministro del Interior cumpla con el mandato constitucional de reportar sobre la gesti\u00f3n del gobierno, tras la salida de su antecesor Nicol\u00e1s Posse.<\/p>\n\n\n\n<p>En los \u00faltimos d\u00edas los bloques terminaron de redactar las preguntas que enviaron a Jefatura de Gabinete y Francos va a debutar en este rol rompiendo el r\u00e9cord de su antecesor. Mientras Posse recibi\u00f3 1286 preguntas, en esta oportunidad el ex ministro del Interior recibi\u00f3 poco m\u00e1s de 3300 preguntas, un r\u00e9cord desde que se cre\u00f3 la figura de Jefe de Gabinete con la obligatoriedad de ir a rendir cuentas una vez intercalando las C\u00e1maras.<\/p>\n\n\n\n<p>Teniendo en cuenta que son 257 diputados y, si todos hubieran realizados preguntas, el promedio es que cada uno envi\u00f3 13 preguntas a la Jefatura de Gabinete.<\/p>\n\n\n\n<p>El bloque que m\u00e1s consultas le envi\u00f3 a Francos fue el de Uni\u00f3n por la Patria con casi 1600. En segundo lugar qued\u00f3 la Uni\u00f3n C\u00edvica Radical con 659, el \u00faltimo lugar en el podio qued\u00f3 para el PRO con 395. Por su parte la Coalici\u00f3n C\u00edvica envi\u00f3 108 consultas y Hacemos Coalici\u00f3n Federal 52, pero que en muchos de los requerimientos hay m\u00e1s de una pregunta.<\/p>\n\n\n\n<p>Una buena parte de las preguntas est\u00e1n concentradas en la econom\u00eda. Teniendo en cuenta que esta situaci\u00f3n se produce luego que el Congreso aprobara el mega proyecto de Ley Bases que incluye el RIGI y el paquete impositivo.<\/p>\n","protected":false},"excerpt":{"rendered":"<p>Esta ser&aacute; la primera vez que el exministro del Interior cumpla con el mandato constitucional de reportar sobre la gesti&oacute;n de gobierno. El jefe de Gabinete, Guillermo Francos, dar&aacute; su primer informe de gesti&oacute;n ante el Congreso entre fines de agosto y principios de septiembre. Ser&aacute; la primera vez que el exministro del Interior cumpla [&hellip;]<\/p>\n","protected":false},"author":2,"featured_media":5447,"comment_status":"open","ping_status":"open","sticky":false,"template":"","format":"standard","meta":{"footnotes":""},"categories":[5,176],"tags":[229,329,1725],"class_list":["post-5446","post","type-post","status-publish","format-standard","has-post-thumbnail","hentry","category-nacionales","category-politica","tag-congreso","tag-guillermo-francos","tag-nacional"],"_links":{"self":[{"href":"https:\/\/partediario.com.ar\/index.php?rest_route=\/wp\/v2\/posts\/5446","targetHints":{"allow":["GET"]}}],"collection":[{"href":"https:\/\/partediario.com.ar\/index.php?rest_route=\/wp\/v2\/posts"}],"about":[{"href":"https:\/\/partediario.com.ar\/index.php?rest_route=\/wp\/v2\/types\/post"}],"author":[{"embeddable":true,"href":"https:\/\/partediario.com.ar\/index.php?rest_route=\/wp\/v2\/users\/2"}],"replies":[{"embeddable":true,"href":"https:\/\/partediario.com.ar\/index.php?rest_route=%2Fwp%2Fv2%2Fcomments&post=5446"}],"version-history":[{"count":1,"href":"https:\/\/partediario.com.ar\/index.php?rest_route=\/wp\/v2\/posts\/5446\/revisions"}],"predecessor-version":[{"id":5448,"href":"https:\/\/partediario.com.ar\/index.php?rest_route=\/wp\/v2\/posts\/5446\/revisions\/5448"}],"wp:featuredmedia":[{"embeddable":true,"href":"https:\/\/partediario.com.ar\/index.php?rest_route=\/wp\/v2\/media\/5447"}],"wp:attachment":[{"href":"https:\/\/partediario.com.ar\/index.php?rest_route=%2Fwp%2Fv2%2Fmedia&parent=5446"}],"wp:term":[{"taxonomy":"category","embeddable":true,"href":"https:\/\/partediario.com.ar\/index.php?rest_route=%2Fwp%2Fv2%2Fcategories&post=5446"},{"taxonomy":"post_tag","embeddable":true,"href":"https:\/\/partediario.com.ar\/index.php?rest_route=%2Fwp%2Fv2%2Ftags&post=5446"}],"curies":[{"name":"wp","href":"https:\/\/api.w.org\/{rel}","templated":true}]}}