{"id":5449,"date":"2024-08-03T13:02:05","date_gmt":"2024-08-03T16:02:05","guid":{"rendered":"https:\/\/partediario.com.ar\/?p=5449"},"modified":"2024-08-03T13:02:06","modified_gmt":"2024-08-03T16:02:06","slug":"agenda-de-agosto-en-el-teatro-municipal-3-de-febrero-de-parana","status":"publish","type":"post","link":"https:\/\/partediario.com.ar\/?p=5449","title":{"rendered":"Agenda de Agosto en el Teatro Municipal 3 de Febrero de Paran\u00e1"},"content":{"rendered":"\n<h3 class=\"wp-block-heading\">Visitas guiadas, m\u00fasica en vivo, teatro, comedia y musicales son algunas de las propuestas. Las entradas pueden adquirirse en la boleter\u00eda del Teatro (25 de Junio 54) de martes a viernes de 8 a 12 y de 18 a 20 o s\u00e1bado de 10 a 12 y de 18 a 20. Tambi\u00e9n en las ticketeras online correspondientes.<\/h3>\n\n\n\n<p>En el Teatro se funden expresiones hist\u00f3ricas y apuestas actuales. Es cuna de grandes artistas y ha sido testigo de la historia de la ciudad y su arte. Con una programaci\u00f3n de primera calidad, el 3 de Febrero, se proyecta a nivel nacional.<\/p>\n\n\n\n<p><\/p>\n\n\n\n<figure class=\"wp-block-image size-full\"><img loading=\"lazy\" decoding=\"async\" width=\"760\" height=\"427\" src=\"https:\/\/partediario.com.ar\/wp-content\/uploads\/4770f7c7038d3593c34dc0c39af06614.jpg\" alt=\"\" class=\"wp-image-5450\" srcset=\"https:\/\/partediario.com.ar\/wp-content\/uploads\/4770f7c7038d3593c34dc0c39af06614.jpg 760w, https:\/\/partediario.com.ar\/wp-content\/uploads\/4770f7c7038d3593c34dc0c39af06614-300x169.jpg 300w\" sizes=\"auto, (max-width: 760px) 100vw, 760px\" \/><\/figure>\n\n\n\n<p>Los d\u00edas lunes 5, 12, 19 y 26, a las 9 y a las 10, se realizan Visitas Guiadas por las instalaciones del Coliseo. Ofrecen un espacio de disfrute, educaci\u00f3n y difusi\u00f3n del patrimonio cultural de la ciudad, declarado Monumento Hist\u00f3rico Nacional en 2008. La propuesta est\u00e1 destinada a escuelas y p\u00fablico en general. La entrada es gratuita y se solicita turno a trav\u00e9s del correo electr\u00f3nico: <a href=\"mailto:visitasguiadasteatro3@gmail.com\">visitasguiadasteatro3@gmail.com<\/a><\/p>\n\n\n\n<p>El viernes 2 a las 21 se presentar\u00e1 \u201cEl Cuarto Soda\u201d en Paran\u00e1. Las entradas tienen un valor de: Preferenciales: $20.000; Platea y palcos bajos: $18.000; Palcos altos y anfiteatro: $16.000; Tertulia: $15.000. Se adquieren en boleter\u00eda o a trav\u00e9s de Passline.<\/p>\n\n\n\n<p>El s\u00e1bado 3 a las 21 se podr\u00e1 disfrutar de \u201cParan\u00e1 de Humor\u201d. Las entradas tienen un valor de: Preferenciales: $10.000; Platea y palcos bajos: $8.000; Palcos altos y anfiteatro: $7.000; Tertulia: $6.000. Se adquieren en boleter\u00eda o a trav\u00e9s de Ticketway.<\/p>\n\n\n\n<p>El domingo 4 a las 20 habr\u00e1 m\u00fasica en vivo junto a \u201cViva el Chamam\u00e9: Los de Imaguar\u00e9\u201d. Las entradas tienen un valor de: Platea y palcos bajos: $15.000; Palcos altos: $13.000; Tertulia: $12.000. Se adquieren en boleter\u00eda o a trav\u00e9s de <a href=\"http:\/\/www.tuentrada.com\">www.tuentrada.com<\/a><\/p>\n\n\n\n<p>El viernes 9 a las 20 ser\u00e1 la Gala de la Fuerza A\u00e9rea por el 112\u00ba aniversario, con entrada libre y gratuita.<\/p>\n\n\n\n<p>El s\u00e1bado 10 a las 21 se presentar\u00e1 la comedia musical de Pablo Mill\u00e1n: Delirio, Risas y Brillantes. Las entradas tienen un valor de: Platea y palcos bajos: $6.000; Palcos altos y tertulia: $5.000. Se adquieren en boleter\u00eda o a trav\u00e9s de<a href=\"http:\/\/plateavip.com.ar\"> plateavip.com.ar<\/a>.<\/p>\n\n\n\n<p>El domingo 11 a las 21 ser\u00e1 una noche de humor junto a Dani La Chepi con la presentaci\u00f3n de \u201cVivila como quieras\u201d. Las entradas tienen un valor de: Platea y palcos bajos: $17.000; Palcos altos y tertulia: $15.000. Se adquieren en boleter\u00eda o a trav\u00e9s de <a href=\"http:\/\/plateavip.com.ar\">plateavip.com.ar<\/a> .<\/p>\n\n\n\n<p>El martes 13 a las 10 se realizar\u00e1 el ciclo La Escuela Va al Teatro, de Teatro del Bardo, con la obra \u201cEl Coraz\u00f3n del Actor\u201d. Est\u00e1 destinada a escuelas y la entrada es gratuita con reserva al <strong>3434565942<\/strong>.<\/p>\n\n\n\n<p>El mi\u00e9rcoles 14 a las 21 se presentar\u00e1 el espect\u00e1culo \u201cVocal Lab El Show\u201d. Las entradas tienen un valor de: Preferenciales: $13.000; Platea y palcos bajos: $10.000; Palcos altos y anfiteatro (solo para alumnos): $5.000; Tertulia: $6.000. Se adquieren en boleter\u00eda o a trav\u00e9s de Passline.<\/p>\n\n\n\n<p>El viernes 16 a las 21 se presentar\u00e1 el Variet\u00e9 \u201cEl Show de la Marce\u201d. Las entradas tienen un valor de Platea y palcos: $6.000; Tertulia: $4.000.<\/p>\n\n\n\n<p>El mi\u00e9rcoles 21 a las 19 se realizar\u00e1 el primer Encuentro de Coros y Orquestas de la A.A.C. organizado por el Instituto Adventista de Paran\u00e1. Las entradas tienen un valor de: General: $1.000.<\/p>\n\n\n\n<p>El viernes 23 a las 21 se presentar\u00e1 la comedia Guarda con el Curup\u00ed. Las entradas tienen un valor de: General: $5.000.<\/p>\n\n\n\n<p>El Domingo 25 a las 20 se presentar\u00e1 Tertawa &#8211; Delivery de Humor. Las entradas tienen un valor de: Platea y palcos bajos: $18.000; Palcos altos: $17.000; Tertulia: $15.000. Se adquieren en boleter\u00eda o a trav\u00e9s de <a href=\"http:\/\/plateavip.com.ar\">plateavip.com.ar<\/a><\/p>\n\n\n\n<p>El mi\u00e9rcoles 28 a las 21 se realizar\u00e1 el Concierto de la Banda de Polic\u00eda de Entre R\u00edos, con entrada libre y gratuita.<\/p>\n\n\n\n<p>El s\u00e1bado 31 a las 20:30 se presentar\u00e1 la banda tributo New Beats Rock &amp; Pop Nacional Sinf\u00f3nico Solidario. Las entradas tienen un valor de: Platea y palcos bajos: $10.000; Palcos altos: $8.000; Tertulia: $6.000. Se adquieren en boleter\u00eda o a trav\u00e9s de <a href=\"https:\/\/www.ticketway.com.ar\/#\/cartelera\">www.ticketway.com.ar<\/a><\/p>\n\n\n\n<p>Destacados del mes<\/p>\n\n\n\n<p>Viernes 2: EL CUARTO SODA en Paran\u00e1<\/p>\n\n\n\n<p>EL CUARTO SODA propone en cada una de sus presentaciones un recorrido a trav\u00e9s de las distintas \u00e9pocas, est\u00e9ticas y shows del tan reconocido grupo, realizado con energ\u00eda, talento y el respeto propio de su condici\u00f3n de fans.<\/p>\n\n\n\n<p>Canciones como La Ciudad de la Furia, Persiana Americana, Pr\u00f3fugos, De m\u00fasica ligera, Cuando pase el temblor, Sobredosis de tv, Tr\u00e1tame suavemente, Vitaminas, Signos y muchas m\u00e1s, que est\u00e1n en la memoria colectiva y forman parte de la cultura nacional, no faltan en sus shows.<\/p>\n\n\n\n<p>El Staff est\u00e1 compuesto por: voz y guitarra: Brian Tolentii; bater\u00eda y percusi\u00f3n: Gabriel Muscio; bajo y coros: Pol Walls y teclados y coros: Gonzalo Lorenzo.<\/p>\n\n\n\n<p>S\u00e1bado 3: Paran\u00e1 de Humor<\/p>\n\n\n\n<p>Paran\u00e1 da Humor es un sexteto conformado por m\u00fasicos y actores de la ciudad de Paran\u00e1 que desde 2011 realiza tributos al c\u00e9lebre y afamado conjunto Les Luthiers.<\/p>\n\n\n\n<p>Les Luthiers han dicho adi\u00f3s a su exitosa carrera art\u00edstica de m\u00e1s de 55 a\u00f1os de trayectoria, coronada con el premio Princesa de Asturias en la categor\u00eda de Comunicaci\u00f3n y Humanidades en 2017.<\/p>\n\n\n\n<p>Paran\u00e1 da Humor se destaca por recrear fielmente el producto creado por los autores, no s\u00f3lo en el \u00e1mbito art\u00edstico sino tambi\u00e9n en todo lo que conlleva la producci\u00f3n del mismo.<\/p>\n\n\n\n<p>El Staff est\u00e1 compuesto por: Nicol\u00e1s DellaSchiava, David Ledesma, Andr\u00e9s Mernes, Juan Pablo Ruhl, Bruno Forzani y Federico Willimburgh.<\/p>\n\n\n\n<p>Domingo 4: Viva el Chamam\u00e9: Los de Imaguare<\/p>\n\n\n\n<p>Los de Imaguar\u00e9 (del guaran\u00ed ymaguare: antiguo) se origin\u00f3 en Mercedes, provincia de Corrientes, en 1977, y sus fundadores fueron: Joaqu\u00edn \u201cGringo\u201d Sheridan, quien se desempe\u00f1aba en bandone\u00f3n-acorde\u00f3n, y Julio Tom\u00e1s C\u00e1ceres, en guitarra, canto y recitados.<\/p>\n\n\n\n<p>Poseen una rica historia dentro del chamam\u00e9 con 19 discos editados y son una tradici\u00f3n dentro del g\u00e9nero. Las glosas de Julio C\u00e1ceres, su modo de recitar y sobre todo, lo que tiene para decir hacen que Los de Imaguar\u00e9, sean un cl\u00e1sico, culto e himno del Chamam\u00e9, considerado Patrimonio Cultural e Inmaterial de la Humanidad, desde el 16 de diciembre del 2020 por la UNESCO.<\/p>\n\n\n\n<p>El grupo \u00edcono del Chamam\u00e9, cumpli\u00f3 47 A\u00f1os, el pasado 5 de Julio y lo celebr\u00f3 con el lanzamiento del nuevo disco \u201cViva el Chamam\u00e9\u201d.<\/p>\n\n\n\n<p>El espect\u00e1culo promete una gran fiesta chamamecera, acompa\u00f1ada de canto, danza y poes\u00eda, con nuevas canciones y algunas reversiones del repertorio cl\u00e1sico.<\/p>\n\n\n\n<p>Mi\u00e9rcoles 14: Vocal Lab El Show<\/p>\n\n\n\n<p>Vocal Lab es una academia de canto, piano y guitarra dedicada a promover y desarrollar el talento musical en la ciudad de Paran\u00e1. Con el apoyo de casi 250 familias, Vocal Lab se ha consolidado como una comunidad vibrante y comprometida con el arte y la cultura.<\/p>\n\n\n\n<p>Este espect\u00e1culo promete ser una celebraci\u00f3n del talento local, con la participaci\u00f3n de m\u00e1s de 40 artistas que interpretar\u00e1n una variada selecci\u00f3n de g\u00e9neros y estilos musicales.<\/p>\n\n\n\n<p>Viernes 23: Guarda con el Curup\u00ed &#8211; Favio Vides<\/p>\n\n\n\n<p>Sandra (Andrea Voltolini), est\u00e1 muy estresada y sus amigos de toda la vida (Mar\u00eda Jos\u00e9 Font y Alejandro Galantti) le recomiendan ir unos d\u00edas al campo para lo cual llaman a su amiga Tifany (Marian Balbi), due\u00f1a de una estancia y van juntos en una suerte de turismo aventura.<\/p>\n\n\n\n<p>Una vez llegados se encuentran con los personajes t\u00edpicos del lugar, Mar\u00eda la Fabiana, Marita Tuyford), Don Prudencio, (Daniel Colaprete), y la Curandera, (Margarita Rivera), y lo m\u00e1s importante la leyenda del CURUP\u00cd.<\/p>\n\n\n\n<p>Cuando decimos Guarda con el Curup\u00ed nos referimos no solo a la leyenda si no al Curup\u00ed que cada uno lleva dentro.<\/p>\n","protected":false},"excerpt":{"rendered":"<p>Visitas guiadas, m&uacute;sica en vivo, teatro, comedia y musicales son algunas de las propuestas. Las entradas pueden adquirirse en la boleter&iacute;a del Teatro (25 de Junio 54) de martes a viernes de 8 a 12 y de 18 a 20 o s&aacute;bado de 10 a 12 y de 18 a 20. Tambi&eacute;n en las ticketeras [&hellip;]<\/p>\n","protected":false},"author":2,"featured_media":5451,"comment_status":"open","ping_status":"open","sticky":false,"template":"","format":"standard","meta":{"footnotes":""},"categories":[6,726],"tags":[1796,1983,265,2262],"class_list":["post-5449","post","type-post","status-publish","format-standard","has-post-thumbnail","hentry","category-locales","category-sociedad","tag-agenda","tag-agosto","tag-parana","tag-teatro-3-de-febrero"],"_links":{"self":[{"href":"https:\/\/partediario.com.ar\/index.php?rest_route=\/wp\/v2\/posts\/5449","targetHints":{"allow":["GET"]}}],"collection":[{"href":"https:\/\/partediario.com.ar\/index.php?rest_route=\/wp\/v2\/posts"}],"about":[{"href":"https:\/\/partediario.com.ar\/index.php?rest_route=\/wp\/v2\/types\/post"}],"author":[{"embeddable":true,"href":"https:\/\/partediario.com.ar\/index.php?rest_route=\/wp\/v2\/users\/2"}],"replies":[{"embeddable":true,"href":"https:\/\/partediario.com.ar\/index.php?rest_route=%2Fwp%2Fv2%2Fcomments&post=5449"}],"version-history":[{"count":1,"href":"https:\/\/partediario.com.ar\/index.php?rest_route=\/wp\/v2\/posts\/5449\/revisions"}],"predecessor-version":[{"id":5452,"href":"https:\/\/partediario.com.ar\/index.php?rest_route=\/wp\/v2\/posts\/5449\/revisions\/5452"}],"wp:featuredmedia":[{"embeddable":true,"href":"https:\/\/partediario.com.ar\/index.php?rest_route=\/wp\/v2\/media\/5451"}],"wp:attachment":[{"href":"https:\/\/partediario.com.ar\/index.php?rest_route=%2Fwp%2Fv2%2Fmedia&parent=5449"}],"wp:term":[{"taxonomy":"category","embeddable":true,"href":"https:\/\/partediario.com.ar\/index.php?rest_route=%2Fwp%2Fv2%2Fcategories&post=5449"},{"taxonomy":"post_tag","embeddable":true,"href":"https:\/\/partediario.com.ar\/index.php?rest_route=%2Fwp%2Fv2%2Ftags&post=5449"}],"curies":[{"name":"wp","href":"https:\/\/api.w.org\/{rel}","templated":true}]}}