{"id":5457,"date":"2024-08-03T20:44:44","date_gmt":"2024-08-03T23:44:44","guid":{"rendered":"https:\/\/partediario.com.ar\/?p=5457"},"modified":"2024-08-03T20:44:53","modified_gmt":"2024-08-03T23:44:53","slug":"con-referentes-del-bid-frigerio-analizo-el-avance-del-programa-de-saneamiento-del-rio-uruguay","status":"publish","type":"post","link":"https:\/\/partediario.com.ar\/?p=5457","title":{"rendered":"Con referentes del BID, Frigerio analiz\u00f3 el avance del programa de saneamiento del r\u00edo Uruguay"},"content":{"rendered":"\n<p><strong>El gobernador Rogelio Frigerio recibi\u00f3 a una misi\u00f3n del Banco Interamericano de Desarrollo (BID) que lleg\u00f3 para observar el avance del programa de Saneamiento del R\u00edo Uruguay financiado por la entidad, con un costo de 80 millones de d\u00f3lares. La ejecuci\u00f3n se lleva adelante a trav\u00e9s de la Unidad Ejecutora Provincial (UEP).<\/strong><\/p>\n\n\n\n<p>La delegaci\u00f3n estuvo encabezada por el especialista principal de Agua y Saneamiento del BID, Henry Moreno, junto a t\u00e9cnicos de la instituci\u00f3n. Por la provincia, participaron el ministro de Planeamiento, Infraestructura y Servicios, Dar\u00edo Schneider; el secretario general de la Gobernaci\u00f3n, Mauricio Colello; el director general de la UEP, Gustavo Cusinato; y el secretario de Hacienda, Uriel Brupbacher.<\/p>\n\n\n\n<p>Tras el encuentro, Cusinato precis\u00f3: \u00abEstuvimos trabajando todo el d\u00eda de ayer con la misi\u00f3n, dimos informes del avance y la evoluci\u00f3n de este pr\u00e9stamo\u00bb. Se reunieron luego con el gobernador para \u00abponerlo en conocimiento de la situaci\u00f3n del pr\u00e9stamo y de c\u00f3mo van avanzando las obras\u00bb. Afirm\u00f3 que el mandatario est\u00e1 siguiendo en forma personal y permanente el tema y la evoluci\u00f3n del financiamiento.<\/p>\n\n\n\n<p>Por su parte, el referente del BID, Henry Moreno, se\u00f1al\u00f3: \u00abNos llevamos una visi\u00f3n muy clara de la situaci\u00f3n del proyecto y en qu\u00e9 aspectos tenemos que reforzar la ejecuci\u00f3n para que el programa cobre dinamismo y empecemos a ejecutar las obras que tanto se necesitan para el saneamiento del r\u00edo Uruguay\u00bb.<\/p>\n\n\n\n<p>Agreg\u00f3 que \u00abtambi\u00e9n nos llevamos un mensaje esperanzador del gobernador de compromiso de que todo lo que hab\u00edamos acordado como parte del pr\u00e9stamo lo vamos a hacer con recursos de la provincia, del banco y con nuestro acompa\u00f1amiento t\u00e9cnico permanente\u00bb.<\/p>\n\n\n\n<p>Luego indic\u00f3 que restan unos cuatro a\u00f1os a partir de la fecha para la terminaci\u00f3n de las obras que est\u00e1n m\u00e1s avanzadas, que son las de Gualeguaych\u00fa, Concepci\u00f3n del Uruguay y Col\u00f3n; y luego un tiempo m\u00e1s para continuar el programa de saneamiento del r\u00edo, con proyectos en Concordia y San Jos\u00e9.<\/p>\n\n\n\n<p>Coment\u00f3 que el mandatario les plante\u00f3 una inquietud para empezar a trabajar tambi\u00e9n en algunas localidades de la cuenca del Paran\u00e1. \u00abEstamos en un momento clave, ya que empieza la discusi\u00f3n de la programaci\u00f3n de operaciones del banco con el pa\u00eds; y creemos que all\u00ed habr\u00e1 una oportunidad para conseguir nuevos financiamientos que ampl\u00eden la cobertura que el gobernador pretende\u00bb.<\/p>\n\n\n\n<p><\/p>\n\n\n\n<figure class=\"wp-block-image size-full\"><img loading=\"lazy\" decoding=\"async\" width=\"960\" height=\"640\" src=\"https:\/\/partediario.com.ar\/wp-content\/uploads\/ago1861-frigerio-bid-saneamiento_uruguay.jpg\" alt=\"\" class=\"wp-image-5458\" srcset=\"https:\/\/partediario.com.ar\/wp-content\/uploads\/ago1861-frigerio-bid-saneamiento_uruguay.jpg 960w, https:\/\/partediario.com.ar\/wp-content\/uploads\/ago1861-frigerio-bid-saneamiento_uruguay-300x200.jpg 300w, https:\/\/partediario.com.ar\/wp-content\/uploads\/ago1861-frigerio-bid-saneamiento_uruguay-768x512.jpg 768w\" sizes=\"auto, (max-width: 960px) 100vw, 960px\" \/><\/figure>\n\n\n\n<p><\/p>\n\n\n\n<p><strong>El programa<\/strong><\/p>\n\n\n\n<p>El financiamiento del BID, que se ejecuta en la provincia bajo la coordinaci\u00f3n de la UEP, implica una inversi\u00f3n de 80 millones de d\u00f3lares para el tratamiento de los efluentes del rio Uruguay. Comprende la ejecuci\u00f3n de plantas de tratamiento modernas en cada una de las comunidades incluidas, entre otras obras.<\/p>\n\n\n\n<p>Una vez que finalice el proceso, el r\u00edo Uruguay dejar\u00e1 de contaminar, bajo par\u00e1metros que establece la Comisi\u00f3n Administradora del R\u00edo Uruguay (CARU).<\/p>\n\n\n\n<p><\/p>\n\n\n\n<figure class=\"wp-block-embed is-type-video is-provider-youtube wp-block-embed-youtube wp-embed-aspect-16-9 wp-has-aspect-ratio\"><div class=\"wp-block-embed__wrapper\">\n<iframe loading=\"lazy\" title=\"Con referentes del BID, Frigerio analiz\u00f3 el avance del programa de saneamiento del r\u00edo Uruguay\" width=\"640\" height=\"360\" src=\"https:\/\/www.youtube.com\/embed\/1FPozBiJk6A?feature=oembed\" frameborder=\"0\" allow=\"accelerometer; autoplay; clipboard-write; encrypted-media; gyroscope; picture-in-picture; web-share\" referrerpolicy=\"strict-origin-when-cross-origin\" allowfullscreen><\/iframe>\n<\/div><\/figure>\n","protected":false},"excerpt":{"rendered":"<p>El gobernador Rogelio Frigerio recibi&oacute; a una misi&oacute;n del Banco Interamericano de Desarrollo (BID) que lleg&oacute; para observar el avance del programa de Saneamiento del R&iacute;o Uruguay financiado por la entidad, con un costo de 80 millones de d&oacute;lares. La ejecuci&oacute;n se lleva adelante a trav&eacute;s de la Unidad Ejecutora Provincial (UEP). La delegaci&oacute;n estuvo [&hellip;]<\/p>\n","protected":false},"author":2,"featured_media":5459,"comment_status":"open","ping_status":"open","sticky":false,"template":"","format":"standard","meta":{"footnotes":""},"categories":[8,726],"tags":[1082,257,2268,659,245,2269],"class_list":["post-5457","post","type-post","status-publish","format-standard","has-post-thumbnail","hentry","category-provinciales","category-sociedad","tag-bid","tag-entre-rios","tag-gustavo-cusinato","tag-mauricio-colello","tag-rogelio-frigerio","tag-urial-brupbacher"],"_links":{"self":[{"href":"https:\/\/partediario.com.ar\/index.php?rest_route=\/wp\/v2\/posts\/5457","targetHints":{"allow":["GET"]}}],"collection":[{"href":"https:\/\/partediario.com.ar\/index.php?rest_route=\/wp\/v2\/posts"}],"about":[{"href":"https:\/\/partediario.com.ar\/index.php?rest_route=\/wp\/v2\/types\/post"}],"author":[{"embeddable":true,"href":"https:\/\/partediario.com.ar\/index.php?rest_route=\/wp\/v2\/users\/2"}],"replies":[{"embeddable":true,"href":"https:\/\/partediario.com.ar\/index.php?rest_route=%2Fwp%2Fv2%2Fcomments&post=5457"}],"version-history":[{"count":1,"href":"https:\/\/partediario.com.ar\/index.php?rest_route=\/wp\/v2\/posts\/5457\/revisions"}],"predecessor-version":[{"id":5460,"href":"https:\/\/partediario.com.ar\/index.php?rest_route=\/wp\/v2\/posts\/5457\/revisions\/5460"}],"wp:featuredmedia":[{"embeddable":true,"href":"https:\/\/partediario.com.ar\/index.php?rest_route=\/wp\/v2\/media\/5459"}],"wp:attachment":[{"href":"https:\/\/partediario.com.ar\/index.php?rest_route=%2Fwp%2Fv2%2Fmedia&parent=5457"}],"wp:term":[{"taxonomy":"category","embeddable":true,"href":"https:\/\/partediario.com.ar\/index.php?rest_route=%2Fwp%2Fv2%2Fcategories&post=5457"},{"taxonomy":"post_tag","embeddable":true,"href":"https:\/\/partediario.com.ar\/index.php?rest_route=%2Fwp%2Fv2%2Ftags&post=5457"}],"curies":[{"name":"wp","href":"https:\/\/api.w.org\/{rel}","templated":true}]}}