{"id":5464,"date":"2024-08-03T20:58:50","date_gmt":"2024-08-03T23:58:50","guid":{"rendered":"https:\/\/partediario.com.ar\/?p=5464"},"modified":"2024-08-03T20:58:55","modified_gmt":"2024-08-03T23:58:55","slug":"cristina-le-solicito-a-maduro-que-publiquen-las-actas-por-el-legado-de-hugo-chavez","status":"publish","type":"post","link":"https:\/\/partediario.com.ar\/?p=5464","title":{"rendered":"Cristina le solicit\u00f3 a Maduro que publiquen las actas por el legado de Hugo Ch\u00e1vez"},"content":{"rendered":"\n<p><strong>La expresidenta Cristina Kirchner lo expres\u00f3 este s\u00e1bado en un encuentro acad\u00e9mico en M\u00e9xico, donde disert\u00f3 sobre la realidad pol\u00edtica y electoral de Am\u00e9rica Latina.<\/strong><\/p>\n\n\n\n<p>La expresidenta Cristina Kirchner particip\u00f3 este s\u00e1bado de un encuentro acad\u00e9mico en M\u00e9xico, donde disert\u00f3 sobre la realidad pol\u00edtica y electoral de Am\u00e9rica Latina, en el marco de la controversia que se gener\u00f3 en la regi\u00f3n y el mundo por los resultados de las elecciones en Venezuela. All\u00ed pidi\u00f3 \u201cpor el pueblo venezolano, la oposici\u00f3n, la democracia y el legado de Hugo Ch\u00e1vez, que se publiquen las actas\u201d.<\/p>\n\n\n\n<p>Hasta su intervenci\u00f3n en el curso internacional \u201cRealidad Pol\u00edtica y Electoral de Am\u00e9rica Latina\u201d, organizado por el Instituto Nacional de Formaci\u00f3n Pol\u00edtica de Morena, la ex presidenta no hab\u00eda realizado ninguna declaraci\u00f3n al respecto de los comicios venezolanos. \u201cFrente al claro y concreto problema que se produce a partir de las \u00faltimas elecciones presidenciales, comparto totalmente el comunicado que firman L\u00f3pez Obrador, Lula da Silva y Gustavo Petro\u201d. \u201cLa responsabilidad en materia de relaciones internacionales es vital\u201d, destac\u00f3.<\/p>\n\n\n\n<p>\u201cQu\u00e9 dif\u00edcil hablar de utop\u00edas hoy desde la Argentina, pero pens\u00e1ndolo bien Am\u00e9rica Latina naci\u00f3 de una utop\u00eda: la libertad del siglo XIX\u201d, hab\u00eda dicho Cristina Kirchner previamente. Despu\u00e9s contrast\u00f3 ese origen con \u201cla libertad que nos quieren vender hoy, de creer que porque insult\u00e1s, amenaz\u00e1s o hac\u00e9s una fake news sos libre. No: sos un ser gris y si no existieran las redes ser\u00edas a\u00fan m\u00e1s gris e inexistente\u201d, agreg\u00f3.<\/p>\n\n\n\n<p>Tambi\u00e9n aprovech\u00f3 el momento para criticar la visita de diputados libertarios a condenados por delitos de lesa humanidad: \u201cSe llevaron un proyecto en mano entregado por los genocidas para propiciar su liberaci\u00f3n. Estos son los que hablan de democracia y dicen que hay dictadura en Venezuela\u201d.<\/p>\n\n\n\n<p>Posteriormente, inst\u00f3 a \u201cunir a la utop\u00eda de la Justicia a la utop\u00eda de la paz de la regi\u00f3n: que no nos trasladen ning\u00fan conflicto. Seremos el continente con m\u00e1s desigualdad pero si adem\u00e1s tenemos enfrentamientos o nos convertimos en escenarios de conflictos globales a la regi\u00f3n estamos fritos\u201d.<\/p>\n\n\n\n<p>\u201cEs en este marco es que tenemos que abordar el problema de Venezuela\u201d, mencion\u00f3 y dijo que \u201cen Venezuela no hay diablos ni \u00e1ngeles\u201d, recordando que ese pa\u00eds y Cuba son los \u00fanicos bloqueados a nivel global: \u201cNadie te explica c\u00f3mo se enfrenta una econom\u00eda de bloqueo\u201d, se\u00f1al\u00f3.<\/p>\n\n\n\n<p>Sobre las democracias latinoamericanas, y tras hacer hincapi\u00e9 en los golpes militares que se sucedieron el siglo XX, analiz\u00f3 que \u201cal partido militar ahora lo sucedi\u00f3 el partido judicial, con pol\u00edticas de estigmatizaci\u00f3n, persecuci\u00f3n y proscripci\u00f3n de quienes lideran o representan a movimientos populares\u201d. En ese sentido, consider\u00f3 que el actual Poder Judicial argentino contiene \u201cuna r\u00e9mora mon\u00e1rquica absoluta\u201d.<\/p>\n\n\n\n<p>\u201cNecesitamos gente que lea mejor la pol\u00edtica\u201d, se\u00f1al\u00f3 en referencia a las cr\u00edticas internas por sus posiciones electorales, y remarc\u00f3 que \u201cacompa\u00f1\u00e9 a Alberto Fern\u00e1ndez para garantizar los votos\u201d. Tambi\u00e9n hizo hincapi\u00e9 en el atentado que sufri\u00f3 en el 2022: \u201cMe salv\u00f3 que no sali\u00f3 el disparo, Dios, la Virgen y este rosario que llevo siempre ac\u00e1 conmigo\u201d. Asimismo, remarc\u00f3 el rol de los militantes para custodiarla.<\/p>\n\n\n\n<p><strong>Cristina Kirchner habl\u00f3 sobre geopol\u00edtica y medio ambiente<\/strong><\/p>\n\n\n\n<p>Durante su discurso, la expresidenta valor\u00f3 el crecimiento econ\u00f3mico de China, \u201cque se volvi\u00f3 potencia sin disparar ni un solo tiro\u201d. \u201cProdujo una incorporaci\u00f3n de m\u00e1s de 700 millones de personas al proceso de producci\u00f3n capitalista\u201d, agreg\u00f1o y se\u00f1al\u00f3 que \u201cno se registra en toda la historia del capitalismo que alguien haya incorporado a esta cantidad de gente desde la econom\u00eda rural\u201d.<\/p>\n\n\n\n<p>\u201cNo estamos ante dos sistemas antit\u00e9ticos\u201d, expres\u00f3 y contrast\u00f3 esa experiencia con las iniciativas de magnates: \u201cElon Musk quiere el litio al m\u00e1s bajo precio que pueda y con mayor cantidad. Pero no le podemos pedir que se preocupe por el medio ambiente y la inclusi\u00f3n\u201d.<\/p>\n\n\n\n<p>La exmandataria fue acompa\u00f1ada en el panel por Citlalli Hern\u00e1ndez, secretaria General de Morena, y Rafael Barajas, titular del Instituto Nacional de Formaci\u00f3n Pol\u00edtica fundado por el actual presidente mexicano, Andr\u00e9s Manuel L\u00f3pez Obrador. All\u00ed, dijo que \u201csiempre en Am\u00e9rica Latina se respetaron las identidades culturales\u201d y remarc\u00f3 \u201cla solidaridad total y absoluta\u201d de la regi\u00f3n.<\/p>\n\n\n\n<p>En su disertaci\u00f3n, Cristina Fern\u00e1ndez de Kirchner record\u00f3 el Golpe de Estado a Bolivia en 2019: \u201cA Evo Morales le salv\u00f3 la vida Argentina y M\u00e9xico\u201d. Retomando ese hecho, critic\u00f3 a la Organizaci\u00f3n de los Estados Americanos (OEA): \u201cHablan de dictaduras y golpes de Estado cuando participaron activamente y pudieron haber provocado la muerte de Evo Morales\u201d, concluy\u00f3.<\/p>\n","protected":false},"excerpt":{"rendered":"<p>La expresidenta Cristina Kirchner lo expres&oacute; este s&aacute;bado en un encuentro acad&eacute;mico en M&eacute;xico, donde disert&oacute; sobre la realidad pol&iacute;tica y electoral de Am&eacute;rica Latina. La expresidenta Cristina Kirchner particip&oacute; este s&aacute;bado de un encuentro acad&eacute;mico en M&eacute;xico, donde disert&oacute; sobre la realidad pol&iacute;tica y electoral de Am&eacute;rica Latina, en el marco de la controversia [&hellip;]<\/p>\n","protected":false},"author":2,"featured_media":5465,"comment_status":"open","ping_status":"open","sticky":false,"template":"","format":"standard","meta":{"footnotes":""},"categories":[5,176],"tags":[518,2274,2273,1564],"class_list":["post-5464","post","type-post","status-publish","format-standard","has-post-thumbnail","hentry","category-nacionales","category-politica","tag-cristina-kirchner","tag-hugo-chavez","tag-mexico","tag-nicolas-maduro"],"_links":{"self":[{"href":"https:\/\/partediario.com.ar\/index.php?rest_route=\/wp\/v2\/posts\/5464","targetHints":{"allow":["GET"]}}],"collection":[{"href":"https:\/\/partediario.com.ar\/index.php?rest_route=\/wp\/v2\/posts"}],"about":[{"href":"https:\/\/partediario.com.ar\/index.php?rest_route=\/wp\/v2\/types\/post"}],"author":[{"embeddable":true,"href":"https:\/\/partediario.com.ar\/index.php?rest_route=\/wp\/v2\/users\/2"}],"replies":[{"embeddable":true,"href":"https:\/\/partediario.com.ar\/index.php?rest_route=%2Fwp%2Fv2%2Fcomments&post=5464"}],"version-history":[{"count":1,"href":"https:\/\/partediario.com.ar\/index.php?rest_route=\/wp\/v2\/posts\/5464\/revisions"}],"predecessor-version":[{"id":5466,"href":"https:\/\/partediario.com.ar\/index.php?rest_route=\/wp\/v2\/posts\/5464\/revisions\/5466"}],"wp:featuredmedia":[{"embeddable":true,"href":"https:\/\/partediario.com.ar\/index.php?rest_route=\/wp\/v2\/media\/5465"}],"wp:attachment":[{"href":"https:\/\/partediario.com.ar\/index.php?rest_route=%2Fwp%2Fv2%2Fmedia&parent=5464"}],"wp:term":[{"taxonomy":"category","embeddable":true,"href":"https:\/\/partediario.com.ar\/index.php?rest_route=%2Fwp%2Fv2%2Fcategories&post=5464"},{"taxonomy":"post_tag","embeddable":true,"href":"https:\/\/partediario.com.ar\/index.php?rest_route=%2Fwp%2Fv2%2Ftags&post=5464"}],"curies":[{"name":"wp","href":"https:\/\/api.w.org\/{rel}","templated":true}]}}