{"id":5472,"date":"2024-08-04T11:29:45","date_gmt":"2024-08-04T14:29:45","guid":{"rendered":"https:\/\/partediario.com.ar\/?p=5472"},"modified":"2024-08-04T11:29:52","modified_gmt":"2024-08-04T14:29:52","slug":"zarate-mato-a-un-vecino-en-medio-de-una-discusion-por-el-estacionamiento","status":"publish","type":"post","link":"https:\/\/partediario.com.ar\/?p=5472","title":{"rendered":"Z\u00e1rate: mat\u00f3 a un vecino en medio de una discusi\u00f3n por el estacionamiento"},"content":{"rendered":"\n<p><strong>El agresor se dio a la fuga tras el ataque pero se entreg\u00f3 minutos despu\u00e9s. La v\u00edctima, un joven de 28 a\u00f1os, muri\u00f3 en el lugar mientras era asistido.<\/strong><\/p>\n\n\n\n<p>Gran conmoci\u00f3n en la ciudad de Z\u00e1rate tras el asesinato de un chico de 28 a\u00f1os. Discut\u00eda por el estacionamiento con un vecino y \u00e9ste lo mat\u00f3 a tiros en la puerta de su casa. El agresor se hab\u00eda fugado, sin embargo m\u00e1s tarde se entreg\u00f3 a la Polic\u00eda.<\/p>\n\n\n\n<p>El brutal hecho ocurri\u00f3 este s\u00e1bado al mediod\u00eda en la esquina de Belgrano y M\u00e1ximo Paz, lugar hab\u00eda estacionado su auto Volkswagen Golf Miguel \u00c1ngel Pereyra. Por causas que a\u00fan investigan, el hombre empez\u00f3 a discutir con la v\u00edctima identificada como Franco Russo, pero la pelea escal\u00f3 y terminaron a las trompadas.<\/p>\n\n\n\n<p>Con el correr de los minutos la situaci\u00f3n se sali\u00f3 de control. Pereyra sac\u00f3 el arma que ten\u00eda en su veh\u00edculo y le dispar\u00f3. Su hijo, quien estaba en el auto, fue testigo del aberrante episodio.<\/p>\n\n\n\n<p>Seg\u00fan fuentes policiales, el asesino y su hijo intentaron escapar por la Ruta 193 para luego tomar Panamericana hacia Capital Federal. Estaban siendo seguidos por las c\u00e1maras que notaron que cambi\u00f3 de direcci\u00f3n y fue hacia la Comisar\u00eda Primera a entregarse.<\/p>\n\n\n\n<p>Vecinos que escucharon la discusi\u00f3n asistieron a Russo en la calle pero lamentablemente ya era tarde.<\/p>\n\n\n\n<p>El caso es atendido por la fiscal Andrea Palacios. Medios locales precisaron que el joven viv\u00eda con su mam\u00e1 y su hermana y hac\u00eda poco hab\u00eda perdido a su pap\u00e1.<\/p>\n","protected":false},"excerpt":{"rendered":"<p>El agresor se dio a la fuga tras el ataque pero se entreg&oacute; minutos despu&eacute;s. La v&iacute;ctima, un joven de 28 a&ntilde;os, muri&oacute; en el lugar mientras era asistido. Gran conmoci&oacute;n en la ciudad de Z&aacute;rate tras el asesinato de un chico de 28 a&ntilde;os. Discut&iacute;a por el estacionamiento con un vecino y &eacute;ste lo [&hellip;]<\/p>\n","protected":false},"author":2,"featured_media":5473,"comment_status":"open","ping_status":"open","sticky":false,"template":"","format":"standard","meta":{"footnotes":""},"categories":[5,7],"tags":[908,2276,2025],"class_list":["post-5472","post","type-post","status-publish","format-standard","has-post-thumbnail","hentry","category-nacionales","category-policiales","tag-muerte","tag-vecino","tag-zarate"],"_links":{"self":[{"href":"https:\/\/partediario.com.ar\/index.php?rest_route=\/wp\/v2\/posts\/5472","targetHints":{"allow":["GET"]}}],"collection":[{"href":"https:\/\/partediario.com.ar\/index.php?rest_route=\/wp\/v2\/posts"}],"about":[{"href":"https:\/\/partediario.com.ar\/index.php?rest_route=\/wp\/v2\/types\/post"}],"author":[{"embeddable":true,"href":"https:\/\/partediario.com.ar\/index.php?rest_route=\/wp\/v2\/users\/2"}],"replies":[{"embeddable":true,"href":"https:\/\/partediario.com.ar\/index.php?rest_route=%2Fwp%2Fv2%2Fcomments&post=5472"}],"version-history":[{"count":1,"href":"https:\/\/partediario.com.ar\/index.php?rest_route=\/wp\/v2\/posts\/5472\/revisions"}],"predecessor-version":[{"id":5474,"href":"https:\/\/partediario.com.ar\/index.php?rest_route=\/wp\/v2\/posts\/5472\/revisions\/5474"}],"wp:featuredmedia":[{"embeddable":true,"href":"https:\/\/partediario.com.ar\/index.php?rest_route=\/wp\/v2\/media\/5473"}],"wp:attachment":[{"href":"https:\/\/partediario.com.ar\/index.php?rest_route=%2Fwp%2Fv2%2Fmedia&parent=5472"}],"wp:term":[{"taxonomy":"category","embeddable":true,"href":"https:\/\/partediario.com.ar\/index.php?rest_route=%2Fwp%2Fv2%2Fcategories&post=5472"},{"taxonomy":"post_tag","embeddable":true,"href":"https:\/\/partediario.com.ar\/index.php?rest_route=%2Fwp%2Fv2%2Ftags&post=5472"}],"curies":[{"name":"wp","href":"https:\/\/api.w.org\/{rel}","templated":true}]}}