{"id":5498,"date":"2024-08-05T13:37:56","date_gmt":"2024-08-05T16:37:56","guid":{"rendered":"https:\/\/partediario.com.ar\/?p=5498"},"modified":"2024-08-05T13:37:58","modified_gmt":"2024-08-05T16:37:58","slug":"ley-bases-rigen-las-modificaciones-en-privatizaciones-y-empleo-publico","status":"publish","type":"post","link":"https:\/\/partediario.com.ar\/?p=5498","title":{"rendered":"Ley Bases: rigen las modificaciones en privatizaciones y empleo p\u00fablico"},"content":{"rendered":"\n<p><strong>Por medio de la Ley Bases, el Gobierno de Javier Milei reorganizar\u00e1 la administraci\u00f3n central y descentralizada, como hab\u00eda sido se\u00f1alado meses atr\u00e1s.<\/strong><\/p>\n\n\n\n<p>El Gobierno reglament\u00f3 el primer tramo de la Ley Bases para avanzar el la reorganizaci\u00f3n de la administraci\u00f3n centralizada y descentralizada. Lo hizo a trav\u00e9s del decreto 695 publicado en el Bolet\u00edn Oficial de este lunes.<\/p>\n\n\n\n<p>El decreto poseelas firmas del presidente Javier Milei, del Jefe de Gabinete de Ministros Guillermo Francos, y de los ministros de Econom\u00eda, Luis Caputo y de Desregulaci\u00f3n Federico Sturzenegger.<\/p>\n\n\n\n<p>La reglamentaci\u00f3n avanza en la reorganizaci\u00f3n de la administraci\u00f3n centralizada y descentralizada y en las privatizaciones como as\u00ed tambi\u00e9n en el empleo p\u00fablico.<\/p>\n\n\n\n<p>Los aspectos fundamentales del decreto tienen que ver con cuatro aspectos: reorganizaci\u00f3n administrativa, privatizaciones, Silencio administrativo y reglamentaci\u00f3n y ajustes.<\/p>\n\n\n\n<p>El cuanto a la reorganizaci\u00f3n administrativa: se establece que el Poder Ejecutivo puede reorganizar, transformar, liquidar fondos fiduciarios p\u00fablicos siguiendo la Ley N\u00b0 27.742.<\/p>\n\n\n\n<p>Sobre las privatizaciones fija que se deben seguir procedimientos espec\u00edficos para privatizar empresas estatales, que incluyen la presentaci\u00f3n de informes y la publicaci\u00f3n de convocatorias para ofertas.<\/p>\n\n\n\n<p>Seg\u00fan se precis\u00f3 en el Bolet\u00edn Oficial, la jefatura de Gabinete de ministros dentro del plazo de 15 d\u00edas contados a partir de la entrada en vigencia del documento, debe aprobar el cronograma de implementaci\u00f3n del silencio con sentido positivo, en el marco de procedimientos administrativos en los cuales tramite el otorgamiento de una autorizaci\u00f3n administrativa de conformidad con lo dispuesto por el art\u00edculo 31 de la Ley N\u00b0 27.742.<\/p>\n\n\n\n<p>El silencio con sentido positivo, en el marco de procedimientos administrativos en los cuales tramite el otorgamiento de una autorizaci\u00f3n administrativa, comenzar\u00e1 a regir de acuerdo con las fechas previstas en el precitado cronograma y para los procedimientos que se inicien con posterioridad a las mismas.<\/p>\n\n\n\n<p>Por su parte las reparticiones de la Administraci\u00f3n P\u00fablica centralizada y descentralizada deber\u00e1n identificar y mantener actualizado el detalle de los procedimientos administrativos alcanzados por lo establecido en el p\u00e1rrafo anterior, en el \u00e1mbito de sus competencias.<\/p>\n\n\n\n<p>Los procedimientos administrativos regulados en normas especiales que contemplen la aplicaci\u00f3n del silencio con efecto positivo continuar\u00e1n rigi\u00e9ndose por sus respectivas normas y mantendr\u00e1n plena operatividad.<\/p>\n\n\n\n<p>Adem\u00e1s, la jefatura de Gabinete de ministros debe elevar al Poder Ejecutivo Nacional, previo informe fundado de las \u00e1reas competentes, los supuestos espec\u00edficos en los que no ser\u00e1 de aplicaci\u00f3n el silencio con efecto positivo contemplado en el inciso b) del art\u00edculo 10 de la Ley Nacional de Procedimientos Administrativos N\u00b0 19.549, previo a su efectiva implementaci\u00f3n.<\/p>\n\n\n\n<p>La Secretar\u00eda de Innovaci\u00f3n, Ciencia y Tecnolog\u00eda de la citada jefatura debe adoptar las medidas necesarias con el fin de garantizar la implementaci\u00f3n del silencio con sentido positivo a trav\u00e9s de plataformas digitales, conforme lo expuesto en el art\u00edculo 3\u00b0.<\/p>\n","protected":false},"excerpt":{"rendered":"<p>Por medio de la Ley Bases, el Gobierno de Javier Milei reorganizar&aacute; la administraci&oacute;n central y descentralizada, como hab&iacute;a sido se&ntilde;alado meses atr&aacute;s. El Gobierno reglament&oacute; el primer tramo de la Ley Bases para avanzar el la reorganizaci&oacute;n de la administraci&oacute;n centralizada y descentralizada. Lo hizo a trav&eacute;s del decreto 695 publicado en el Bolet&iacute;n [&hellip;]<\/p>\n","protected":false},"author":2,"featured_media":5499,"comment_status":"open","ping_status":"open","sticky":false,"template":"","format":"standard","meta":{"footnotes":""},"categories":[5,176],"tags":[1742,1484,232,223,2296,2292,2297,2291],"class_list":["post-5498","post","type-post","status-publish","format-standard","has-post-thumbnail","hentry","category-nacionales","category-politica","tag-empleo","tag-federico-sturzenegger","tag-javier-milei","tag-ley-bases","tag-modificaciones","tag-privatizaciones","tag-publico","tag-rige"],"_links":{"self":[{"href":"https:\/\/partediario.com.ar\/index.php?rest_route=\/wp\/v2\/posts\/5498","targetHints":{"allow":["GET"]}}],"collection":[{"href":"https:\/\/partediario.com.ar\/index.php?rest_route=\/wp\/v2\/posts"}],"about":[{"href":"https:\/\/partediario.com.ar\/index.php?rest_route=\/wp\/v2\/types\/post"}],"author":[{"embeddable":true,"href":"https:\/\/partediario.com.ar\/index.php?rest_route=\/wp\/v2\/users\/2"}],"replies":[{"embeddable":true,"href":"https:\/\/partediario.com.ar\/index.php?rest_route=%2Fwp%2Fv2%2Fcomments&post=5498"}],"version-history":[{"count":1,"href":"https:\/\/partediario.com.ar\/index.php?rest_route=\/wp\/v2\/posts\/5498\/revisions"}],"predecessor-version":[{"id":5500,"href":"https:\/\/partediario.com.ar\/index.php?rest_route=\/wp\/v2\/posts\/5498\/revisions\/5500"}],"wp:featuredmedia":[{"embeddable":true,"href":"https:\/\/partediario.com.ar\/index.php?rest_route=\/wp\/v2\/media\/5499"}],"wp:attachment":[{"href":"https:\/\/partediario.com.ar\/index.php?rest_route=%2Fwp%2Fv2%2Fmedia&parent=5498"}],"wp:term":[{"taxonomy":"category","embeddable":true,"href":"https:\/\/partediario.com.ar\/index.php?rest_route=%2Fwp%2Fv2%2Fcategories&post=5498"},{"taxonomy":"post_tag","embeddable":true,"href":"https:\/\/partediario.com.ar\/index.php?rest_route=%2Fwp%2Fv2%2Ftags&post=5498"}],"curies":[{"name":"wp","href":"https:\/\/api.w.org\/{rel}","templated":true}]}}