{"id":5514,"date":"2024-08-05T21:34:26","date_gmt":"2024-08-06T00:34:26","guid":{"rendered":"https:\/\/partediario.com.ar\/?p=5514"},"modified":"2024-08-05T21:34:27","modified_gmt":"2024-08-06T00:34:27","slug":"el-transporte-publico-de-pasajeros-va-camino-a-la-paralizacion-definitiva-advirtieron-desde-buses-parana","status":"publish","type":"post","link":"https:\/\/partediario.com.ar\/?p=5514","title":{"rendered":"El transporte p\u00fablico de pasajeros va camino a la \u201cparalizaci\u00f3n definitiva\u201d, advirtieron desde Buses Paran\u00e1"},"content":{"rendered":"\n<p><strong>Por medio de un comunicado, Buses Paran\u00e1 se\u00f1al\u00f3 que \u00abla falta de respuestas del Estado Municipal\u00bb pone al sistema \u00aben puerta de un nuevo conflicto con los trabajadores del transporte\u00bb.<\/strong><\/p>\n\n\n\n<p>En un comunicado emitido este lunes por la tarde, Buses Paran\u00e1 alertaron que \u201cla falta de respuestas del Estado Municipal\u201d pone al sistema \u201cen puerta de un nuevo conflicto con los trabajadores\u201d. Desde la compa\u00f1\u00eda que presta el servicio de colectivos en la ciudad capital maniefstaron que la comuna \u201cse niega de manera reiterada a analizar cuales son las condiciones de prestaci\u00f3n que pretende y el costo real que supone su continuidad\u201d.<\/p>\n\n\n\n<p>Los titulares de las compa\u00f1\u00edas se\u00f1alaron adem\u00e1s que \u201cpretender que el d\u00e9ficit provocado lo asuman las empresas de manera exclusiva\u201d es un \u201cun acto confiscatorio y destructivo\u201d. Y advirtieron: \u201cEl transporte p\u00fablico de pasajeros de Paran\u00e1 va camino a su paralizaci\u00f3n definitiva\u201d.<\/p>\n\n\n\n<p><strong>El comunicado completo<\/strong><\/p>\n\n\n\n<p><em>La falta de respuestas del Estado Municipal en cuanto al m\u00ednimo an\u00e1lisis de las condiciones de prestaci\u00f3n y costos del sistema, comprometidos en el marco de las tarifas vigentes y los \u00faltimos acuerdos salariales del cual ha sido parte, nos pone en puerta de un nuevo conflicto con los trabajadores.<\/em><\/p>\n\n\n\n<p><em>Los aportes corrientes presupuestados por la provincia, y el compromiso asumido por esta de realizar una compensaci\u00f3n adicional que absorba el nuevo costo salarial, no cubierto en la ecuaci\u00f3n actual, y, nuevamente, el esfuerzo de las empresas que debieron asumir compromisos financieros y contraer nuevas deudas, hizo posible destrabar el ultimo conflicto desatado en la ciudad.<\/em><\/p>\n\n\n\n<p><em>El \u00fanico compromiso asumido por el Estado Municipal en compensaciones es con la demanda y no con las empresas, al aportar solo para boleto estudiantil gratuito y de manera reiterada ha evitado una m\u00ednima contraprestaci\u00f3n sobre los servicios realizados, en procura de un equilibrio entre los ingresos y egresos, escud\u00e1ndose en la falta de presupuesto o normas que lo habiliten.<\/em><\/p>\n\n\n\n<p><em>Resulta imposible la continuidad de un servicios tan costoso y sensible hacia la sociedad, cuando el actor principal, el Estado Municipal, due\u00f1o del servicio p\u00fablico afectado, se niega de manera reiterada a analizar cuales son las condiciones de prestaci\u00f3n que pretende y el costo real que supone su continuidad, o cuando las propias proyecciones que define luego no se cumplen y sistem\u00e1ticamente se paraliza ante la imposibilidad de poder hacer frente a los compromisos corrientes.<\/em><\/p>\n\n\n\n<p><em>Las empresas no definen tarifas o compensaciones para sostener el sistema, se establecen por parte de la Concedente, y esta debe asumir las consecuencias derivadas de los contratos de prestaci\u00f3n cuando resulte necesario determinar cu\u00e1les son las variables a adoptar ante nuevas incidencias en la estructura, por impacto de la inflaci\u00f3n, o nuevos aumentos de insumos, gasoil y salarios rompen el equilibrio normal entre los ingresos y egresos.<\/em><\/p>\n\n\n\n<p><em>Pretender que el d\u00e9ficit provocado lo asuman las empresas de manera exclusiva, sin considerar una mejora en las condiciones de sustentabilidad del SITU, requiriendo que los mismos se realicen a\u00fan costa de nuevos aumentos no cubiertos, constituye un acto confiscatorio y destructivo del sistema, el que resulta elocuente, cuando hace tiempo es imposible mejorar las prestaciones y cuando de manera permanente se cae en conflictos sistem\u00e1ticos y reiterados por tales motivos.<\/em><\/p>\n\n\n\n<p><em>Sin un sinceramiento de todas las partes involucradas, el transporte p\u00fablico de pasajeros de Paran\u00e1 va camino a su paralizaci\u00f3n definitiva.<\/em><\/p>\n","protected":false},"excerpt":{"rendered":"<p>Por medio de un comunicado, Buses Paran&aacute; se&ntilde;al&oacute; que &laquo;la falta de respuestas del Estado Municipal&raquo; pone al sistema &laquo;en puerta de un nuevo conflicto con los trabajadores del transporte&raquo;. En un comunicado emitido este lunes por la tarde, Buses Paran&aacute; alertaron que &ldquo;la falta de respuestas del Estado Municipal&rdquo; pone al sistema &ldquo;en puerta [&hellip;]<\/p>\n","protected":false},"author":2,"featured_media":5515,"comment_status":"open","ping_status":"open","sticky":false,"template":"","format":"standard","meta":{"footnotes":""},"categories":[978,6,726],"tags":[693,2305,265],"class_list":["post-5514","post","type-post","status-publish","format-standard","has-post-thumbnail","hentry","category-gremiales","category-locales","category-sociedad","tag-buses-parana","tag-paralizacion","tag-parana"],"_links":{"self":[{"href":"https:\/\/partediario.com.ar\/index.php?rest_route=\/wp\/v2\/posts\/5514","targetHints":{"allow":["GET"]}}],"collection":[{"href":"https:\/\/partediario.com.ar\/index.php?rest_route=\/wp\/v2\/posts"}],"about":[{"href":"https:\/\/partediario.com.ar\/index.php?rest_route=\/wp\/v2\/types\/post"}],"author":[{"embeddable":true,"href":"https:\/\/partediario.com.ar\/index.php?rest_route=\/wp\/v2\/users\/2"}],"replies":[{"embeddable":true,"href":"https:\/\/partediario.com.ar\/index.php?rest_route=%2Fwp%2Fv2%2Fcomments&post=5514"}],"version-history":[{"count":1,"href":"https:\/\/partediario.com.ar\/index.php?rest_route=\/wp\/v2\/posts\/5514\/revisions"}],"predecessor-version":[{"id":5516,"href":"https:\/\/partediario.com.ar\/index.php?rest_route=\/wp\/v2\/posts\/5514\/revisions\/5516"}],"wp:featuredmedia":[{"embeddable":true,"href":"https:\/\/partediario.com.ar\/index.php?rest_route=\/wp\/v2\/media\/5515"}],"wp:attachment":[{"href":"https:\/\/partediario.com.ar\/index.php?rest_route=%2Fwp%2Fv2%2Fmedia&parent=5514"}],"wp:term":[{"taxonomy":"category","embeddable":true,"href":"https:\/\/partediario.com.ar\/index.php?rest_route=%2Fwp%2Fv2%2Fcategories&post=5514"},{"taxonomy":"post_tag","embeddable":true,"href":"https:\/\/partediario.com.ar\/index.php?rest_route=%2Fwp%2Fv2%2Ftags&post=5514"}],"curies":[{"name":"wp","href":"https:\/\/api.w.org\/{rel}","templated":true}]}}