{"id":5523,"date":"2024-08-06T08:54:30","date_gmt":"2024-08-06T11:54:30","guid":{"rendered":"https:\/\/partediario.com.ar\/?p=5523"},"modified":"2024-08-06T09:34:10","modified_gmt":"2024-08-06T12:34:10","slug":"pronostican-la-llegada-de-un-sistema-frontal-en-una-zona-de-entre-rios","status":"publish","type":"post","link":"https:\/\/partediario.com.ar\/?p=5523","title":{"rendered":"Pronostican la llegada de un sistema frontal en una zona de Entre R\u00edos"},"content":{"rendered":"\n<p><strong>Se anuncian lluvias y tormentas para este martes en distintos zonas de Entre R\u00edos. En el norte de la provincia se esperan entre 40 y 70 mm. Rige alerta amarillo por tormentas.<\/strong><\/p>\n\n\n\n<p>El Servicio Meteorol\u00f3gico Nacional -SMN- pronostica para este martes 6 de agosto la llegada de un sistema frontal en Entre R\u00edos que provocar\u00e1 cambios en las condiciones del tiempo, luego de jornadas calurosas y h\u00famedas.<\/p>\n\n\n\n<p>Para el d\u00eda de hoy se aguardan en distintos puntos de la provincia lluvias y tormentas, de variada intensidad. La jornada se presentar\u00e1 inestable, sobre todo en horas de la ma\u00f1ana y la tarde.<\/p>\n\n\n\n<p>Las condiciones climatol\u00f3gicas tender\u00edan a mejorar reci\u00e9n en horas de la noche, tras la llegada del viento sur que comenzar\u00eda a desplazar la masa de aire h\u00fameda y c\u00e1lida, para dar lugar a una baja gradual de temperaturas.<\/p>\n\n\n\n<p><strong>Alerta amarillo en el norte de Entre R\u00edos<\/strong><\/p>\n\n\n\n<p>El alerta por tormentas fuertes es para cinco departamentos del norte de Entre R\u00edos: Concordia, Federaci\u00f3n, Federal, Feliciano y San Salvador. Los fen\u00f3menos m\u00e1s intensos se dar\u00edan de ma\u00f1ana y tarde.<\/p>\n\n\n\n<p>El SMN se\u00f1ala que \u201cen las provincias del Litoral, los fen\u00f3menos ser\u00e1n m\u00e1s significativos, con probabilidad de lluvias y tormentas fuertes, con ca\u00edda de granizo, r\u00e1fagas intensas, importante actividad el\u00e9ctrica y fuertes lluvias en cortos per\u00edodos\u201d.<\/p>\n\n\n\n<p>Se aguardan valores de precipitaci\u00f3n acumulada entre 40 y 70 mm, pudiendo ser superados en forma puntual.<\/p>\n\n\n\n<p><\/p>\n\n\n\n<figure class=\"wp-block-image size-full\"><img loading=\"lazy\" decoding=\"async\" width=\"472\" height=\"800\" src=\"https:\/\/partediario.com.ar\/wp-content\/uploads\/mapa_alertas.png\" alt=\"\" class=\"wp-image-5524\" srcset=\"https:\/\/partediario.com.ar\/wp-content\/uploads\/mapa_alertas.png 472w, https:\/\/partediario.com.ar\/wp-content\/uploads\/mapa_alertas-177x300.png 177w\" sizes=\"auto, (max-width: 472px) 100vw, 472px\" \/><\/figure>\n","protected":false},"excerpt":{"rendered":"<p>Se anuncian lluvias y tormentas para este martes en distintos zonas de Entre R&iacute;os. En el norte de la provincia se esperan entre 40 y 70 mm. Rige alerta amarillo por tormentas. El Servicio Meteorol&oacute;gico Nacional -SMN- pronostica para este martes 6 de agosto la llegada de un sistema frontal en Entre R&iacute;os que provocar&aacute; [&hellip;]<\/p>\n","protected":false},"author":2,"featured_media":5525,"comment_status":"open","ping_status":"open","sticky":false,"template":"","format":"standard","meta":{"footnotes":""},"categories":[8,726],"tags":[267,257],"class_list":["post-5523","post","type-post","status-publish","format-standard","has-post-thumbnail","hentry","category-provinciales","category-sociedad","tag-clima","tag-entre-rios"],"_links":{"self":[{"href":"https:\/\/partediario.com.ar\/index.php?rest_route=\/wp\/v2\/posts\/5523","targetHints":{"allow":["GET"]}}],"collection":[{"href":"https:\/\/partediario.com.ar\/index.php?rest_route=\/wp\/v2\/posts"}],"about":[{"href":"https:\/\/partediario.com.ar\/index.php?rest_route=\/wp\/v2\/types\/post"}],"author":[{"embeddable":true,"href":"https:\/\/partediario.com.ar\/index.php?rest_route=\/wp\/v2\/users\/2"}],"replies":[{"embeddable":true,"href":"https:\/\/partediario.com.ar\/index.php?rest_route=%2Fwp%2Fv2%2Fcomments&post=5523"}],"version-history":[{"count":2,"href":"https:\/\/partediario.com.ar\/index.php?rest_route=\/wp\/v2\/posts\/5523\/revisions"}],"predecessor-version":[{"id":5528,"href":"https:\/\/partediario.com.ar\/index.php?rest_route=\/wp\/v2\/posts\/5523\/revisions\/5528"}],"wp:featuredmedia":[{"embeddable":true,"href":"https:\/\/partediario.com.ar\/index.php?rest_route=\/wp\/v2\/media\/5525"}],"wp:attachment":[{"href":"https:\/\/partediario.com.ar\/index.php?rest_route=%2Fwp%2Fv2%2Fmedia&parent=5523"}],"wp:term":[{"taxonomy":"category","embeddable":true,"href":"https:\/\/partediario.com.ar\/index.php?rest_route=%2Fwp%2Fv2%2Fcategories&post=5523"},{"taxonomy":"post_tag","embeddable":true,"href":"https:\/\/partediario.com.ar\/index.php?rest_route=%2Fwp%2Fv2%2Ftags&post=5523"}],"curies":[{"name":"wp","href":"https:\/\/api.w.org\/{rel}","templated":true}]}}