{"id":5532,"date":"2024-08-06T09:50:59","date_gmt":"2024-08-06T12:50:59","guid":{"rendered":"https:\/\/partediario.com.ar\/?p=5532"},"modified":"2024-08-06T09:51:00","modified_gmt":"2024-08-06T12:51:00","slug":"madres-de-plaza-de-mayo-solicitaron-remover-al-entrerriano-beltran-benedit","status":"publish","type":"post","link":"https:\/\/partediario.com.ar\/?p=5532","title":{"rendered":"Madres de Plaza de Mayo solicitaron remover al entrerriano Beltr\u00e1n Benedit"},"content":{"rendered":"\n<h3 class=\"wp-block-heading\">Desde Madres de Plaza de Mayo solicitaron remover a los diputados libertarios que visitaron a militares condenados por delitos de lesa humanidad.<\/h3>\n\n\n\n<p>Tras la repudiable visita de los seis diputados nacionales de la Libertad Avanza, a militares condenados por cr\u00edmenes de lesa humanidad durante la \u00faltima dictadura en Argentina y la cr\u00edtica de buena parte de la oposici\u00f3n, tema que promete acaparar gran parte del inicio de la sesi\u00f3n de este mi\u00e9rcoles, referentes de Madres de Plaza de Mayo fueron recibidas por legisladores de la oposici\u00f3n m\u00e1s f\u00e9rrea.<\/p>\n\n\n\n<p>En conferencia de prensa, Taty Almeida, integrante fundadora de Madres de Plaza de Mayo, manifest\u00f3 que esa visita \u201ces un delito pol\u00edtico\u201d, y le pidi\u00f3 a Diputados la expulsi\u00f3n de Beltr\u00e1n Benedit, Roc\u00edo Bonacci, Lourdes Arrieta, Alida Ferreyra, Guillermo Montenegro y Mar\u00eda Fernanda Araujo.<\/p>\n\n\n\n<p>\u201cSe\u00f1ores diputados, est\u00e1 en manos de ustedes que realmente decidan, pol\u00edticamente, que estos individuos no pueden seguir representando al pueblo\u201d, afirm\u00f3 Almeida, quien carg\u00f3 contra la \u201cexplicaci\u00f3n\u201d de Arrieta sobre el viaje a la C\u00e1rcel de Ezeiza: \u201cNo lo podemos permitir que digan como que \u2018no sab\u00eda\u2019 o \u2018no ten\u00eda idea\u2019\u201d.<\/p>\n\n\n\n<p>La integrante fundadora del organismo apunt\u00f3 contra el Gobierno nacional: \u201cNo podemos dejar que este gobierno inhumano siga avanzando, destruyendo y tirando por tierra todo lo que hemos logrado en Derechos Humanos hasta la fecha\u201d. \u201cHay que demostrar con esta resistencia que no nos han vencido\u201d, concluy\u00f3.<\/p>\n\n\n\n<p>En el estrado del sal\u00f3n ubicado en el segundo piso del Anexo \u201cC\u201d de la C\u00e1mara baja, acompa\u00f1aron los diputados nacionales Hugo Yasky, M\u00f3nica Macha y Juan Marino de Uni\u00f3n por la Patria; y Alejandro Vilca, del Frente de Izquierda.<\/p>\n\n\n\n<p>En el inicio de la conferencia, Yasky hizo referencia al ingreso del proyecto que permite el accionar de las Fuerzas Armadas ante actos de terrorismo y expres\u00f3 que \u201cgenera profunda preocupaci\u00f3n y rechazo\u201d. \u201cHay un c\u00famulo de cuestiones que queremos analizar de conjunto\u201d, anunci\u00f3 en presencia de organismos de Derechos Humanos, abogados de causas por cr\u00edmenes de lesa humanidad, familiares de desaparecidos y diputados de la oposici\u00f3n, finaliz\u00f3.<\/p>\n","protected":false},"excerpt":{"rendered":"<p>Desde Madres de Plaza de Mayo solicitaron remover a los diputados libertarios que visitaron a militares condenados por delitos de lesa humanidad. Tras la repudiable visita de los seis diputados nacionales de la Libertad Avanza, a militares condenados por cr&iacute;menes de lesa humanidad durante la &uacute;ltima dictadura en Argentina y la cr&iacute;tica de buena parte [&hellip;]<\/p>\n","protected":false},"author":2,"featured_media":5533,"comment_status":"open","ping_status":"open","sticky":false,"template":"","format":"standard","meta":{"footnotes":""},"categories":[5,176,726],"tags":[1915,2309,2310],"class_list":["post-5532","post","type-post","status-publish","format-standard","has-post-thumbnail","hentry","category-nacionales","category-politica","category-sociedad","tag-beltran-benedit","tag-madres-de-plaza-de-mayo","tag-taty-almeida"],"_links":{"self":[{"href":"https:\/\/partediario.com.ar\/index.php?rest_route=\/wp\/v2\/posts\/5532","targetHints":{"allow":["GET"]}}],"collection":[{"href":"https:\/\/partediario.com.ar\/index.php?rest_route=\/wp\/v2\/posts"}],"about":[{"href":"https:\/\/partediario.com.ar\/index.php?rest_route=\/wp\/v2\/types\/post"}],"author":[{"embeddable":true,"href":"https:\/\/partediario.com.ar\/index.php?rest_route=\/wp\/v2\/users\/2"}],"replies":[{"embeddable":true,"href":"https:\/\/partediario.com.ar\/index.php?rest_route=%2Fwp%2Fv2%2Fcomments&post=5532"}],"version-history":[{"count":1,"href":"https:\/\/partediario.com.ar\/index.php?rest_route=\/wp\/v2\/posts\/5532\/revisions"}],"predecessor-version":[{"id":5534,"href":"https:\/\/partediario.com.ar\/index.php?rest_route=\/wp\/v2\/posts\/5532\/revisions\/5534"}],"wp:featuredmedia":[{"embeddable":true,"href":"https:\/\/partediario.com.ar\/index.php?rest_route=\/wp\/v2\/media\/5533"}],"wp:attachment":[{"href":"https:\/\/partediario.com.ar\/index.php?rest_route=%2Fwp%2Fv2%2Fmedia&parent=5532"}],"wp:term":[{"taxonomy":"category","embeddable":true,"href":"https:\/\/partediario.com.ar\/index.php?rest_route=%2Fwp%2Fv2%2Fcategories&post=5532"},{"taxonomy":"post_tag","embeddable":true,"href":"https:\/\/partediario.com.ar\/index.php?rest_route=%2Fwp%2Fv2%2Ftags&post=5532"}],"curies":[{"name":"wp","href":"https:\/\/api.w.org\/{rel}","templated":true}]}}