{"id":5535,"date":"2024-08-06T10:27:44","date_gmt":"2024-08-06T13:27:44","guid":{"rendered":"https:\/\/partediario.com.ar\/?p=5535"},"modified":"2024-08-06T10:27:45","modified_gmt":"2024-08-06T13:27:45","slug":"paran-los-docentes-entrerrianos","status":"publish","type":"post","link":"https:\/\/partediario.com.ar\/?p=5535","title":{"rendered":"Paran los docentes entrerrianos"},"content":{"rendered":"\n<h3 class=\"wp-block-heading\"><strong>La medida de fuerza de esta semana se lleva a cabo este martes y el mi\u00e9rcoles. Los gremios eval\u00faan la \u00faltima oferta salarial que el gobierno propuso la semana pasada, en un Congreso extraordinario.<\/strong><\/h3>\n\n\n\n<p>La semana pasada Agmer en conjunto con AMET y Sadop comunicaron a la Secretar\u00eda de Trabajo que conclu\u00edan la instancia de conciliaci\u00f3n administrativa de la Paritaria Salarial Docente y, de acuerdo a los tiempos contemplados en la Ley 9.624, ejecutan la huelga docente resuelta en los \u00e1mbitos org\u00e1nicos correspondientes y de acuerdo a sus normas estatutarias.<br>La medida de fuerza tiene dos tramos: La primera fue el jueves y el viernes de la semana pasada y la segunda ser\u00e1 este martes y mi\u00e9rcoles.<\/p>\n\n\n\n<p>Las asambleas escolares correspondientes se est\u00e1n realizando este lunes.<\/p>\n\n\n\n<p>Simult\u00e1neamente los tres gremios realizar\u00e1n congresos este martes para llevar adelante un an\u00e1lisis y elaborar una respuesta a la propuesta salarial presentada por el Gobierno el martes 30 de julio. \u201cTodo ello seg\u00fan se establece en el Estatuto de nuestra entidad y de acuerdo a los tiempos materialmente posibles para llevar a cabo el mecanismo de consulta a las bases docentes\u201d, se\u00f1alaron desde Agmer.<\/p>\n\n\n\n<p>Sumado a la reuni\u00f3n de la junta directiva de AMET, este martes la delegaci\u00f3n local estar\u00e1 presente en un abrazo a nivel nacional del INET (Instituto Nacional de Educaci\u00f3n Tecnol\u00f3gica), que se realizar\u00e1 en la Ciudad Aut\u00f3noma de Buenos Aires a las 11.<\/p>\n\n\n\n<p>Cabe se\u00f1alar que el INET es el organismo que regula la educaci\u00f3n t\u00e9cnica, agrot\u00e9cnica y la formaci\u00f3n profesional en el pa\u00eds. \u201cActualmente los recursos a las escuelas no llegan de la manera que deber\u00edan\u201d, se\u00f1al\u00f3 el Secretario General del gremio, Andr\u00e9s Besel.<\/p>\n","protected":false},"excerpt":{"rendered":"<p>La medida de fuerza de esta semana se lleva a cabo este martes y el mi&eacute;rcoles. Los gremios eval&uacute;an la &uacute;ltima oferta salarial que el gobierno propuso la semana pasada, en un Congreso extraordinario. La semana pasada Agmer en conjunto con AMET y Sadop comunicaron a la Secretar&iacute;a de Trabajo que conclu&iacute;an la instancia de [&hellip;]<\/p>\n","protected":false},"author":2,"featured_media":5536,"comment_status":"open","ping_status":"open","sticky":false,"template":"","format":"standard","meta":{"footnotes":""},"categories":[978,8,726],"tags":[228,2311,691,2312],"class_list":["post-5535","post","type-post","status-publish","format-standard","has-post-thumbnail","hentry","category-gremiales","category-provinciales","category-sociedad","tag-agmer","tag-amet","tag-paro","tag-sadop"],"_links":{"self":[{"href":"https:\/\/partediario.com.ar\/index.php?rest_route=\/wp\/v2\/posts\/5535","targetHints":{"allow":["GET"]}}],"collection":[{"href":"https:\/\/partediario.com.ar\/index.php?rest_route=\/wp\/v2\/posts"}],"about":[{"href":"https:\/\/partediario.com.ar\/index.php?rest_route=\/wp\/v2\/types\/post"}],"author":[{"embeddable":true,"href":"https:\/\/partediario.com.ar\/index.php?rest_route=\/wp\/v2\/users\/2"}],"replies":[{"embeddable":true,"href":"https:\/\/partediario.com.ar\/index.php?rest_route=%2Fwp%2Fv2%2Fcomments&post=5535"}],"version-history":[{"count":1,"href":"https:\/\/partediario.com.ar\/index.php?rest_route=\/wp\/v2\/posts\/5535\/revisions"}],"predecessor-version":[{"id":5537,"href":"https:\/\/partediario.com.ar\/index.php?rest_route=\/wp\/v2\/posts\/5535\/revisions\/5537"}],"wp:featuredmedia":[{"embeddable":true,"href":"https:\/\/partediario.com.ar\/index.php?rest_route=\/wp\/v2\/media\/5536"}],"wp:attachment":[{"href":"https:\/\/partediario.com.ar\/index.php?rest_route=%2Fwp%2Fv2%2Fmedia&parent=5535"}],"wp:term":[{"taxonomy":"category","embeddable":true,"href":"https:\/\/partediario.com.ar\/index.php?rest_route=%2Fwp%2Fv2%2Fcategories&post=5535"},{"taxonomy":"post_tag","embeddable":true,"href":"https:\/\/partediario.com.ar\/index.php?rest_route=%2Fwp%2Fv2%2Ftags&post=5535"}],"curies":[{"name":"wp","href":"https:\/\/api.w.org\/{rel}","templated":true}]}}