{"id":5538,"date":"2024-08-06T10:32:03","date_gmt":"2024-08-06T13:32:03","guid":{"rendered":"https:\/\/partediario.com.ar\/?p=5538"},"modified":"2024-08-06T10:32:09","modified_gmt":"2024-08-06T13:32:09","slug":"el-gobierno-aumento-el-boleto-de-colectivo-en-el-amba-y-pasara-de-270-a-370-pesos","status":"publish","type":"post","link":"https:\/\/partediario.com.ar\/?p=5538","title":{"rendered":"El Gobierno aument\u00f3 el boleto de colectivo en el AMBA y pasar\u00e1 de 270 a 370 pesos"},"content":{"rendered":"\n<p><strong>El boleto en Buenos Aires cuesta cuatro veces menos que en las provincias gracias al aporte de Naci\u00f3n. El promedio de costo de un boleto en las provincias llega a $ 1.000.<\/strong><\/p>\n\n\n\n<p>La Secretar\u00eda de Transporte de la Naci\u00f3n estableci\u00f3 el nuevo esquema tarifario para los colectivos en el AMBA. A partir del 12 de agosto el boleto m\u00ednimo de colectivo pasa de $270 a $370, es decir aumenta un 37%.<\/p>\n\n\n\n<p>Intendentes del interior muy contrariados por el aumento de los subsidios al AMBA<\/p>\n\n\n\n<p>La actualizaci\u00f3n qued\u00f3 fijada a partir de la resoluci\u00f3n 25\/2024 publicada esta ma\u00f1ana en el Bolet\u00edn Oficial, pero fue anunciada hace una semana. \u201cLa \u00faltima actualizaci\u00f3n que se hab\u00eda realizado en el AMBA fue en febrero\u201d, se\u00f1alan desde el Gobierno.<\/p>\n\n\n\n<p>La semana pasada, el secretario de Transporte, Franco Mogetta, anticip\u00f3 que el Gobierno preparaba un nuevo aumento para el boleto de colectivos en el \u00c1rea Metropolitana de Buenos Aires. Adem\u00e1s, neg\u00f3 que vayan a aumentar los subsidios a las empresas para mantener la tarifa en 270 pesos.<\/p>\n\n\n\n<p><strong>Tarifa Social<\/strong><\/p>\n\n\n\n<p>El Gobierno se hace cargo del 100% de la Tarifa Social, un subsidio que est\u00e1 dirigido directamente a los sectores m\u00e1s vulnerables y que permite el descuento del 55% en el valor de la tarifa de transporte p\u00fablico.<\/p>\n\n\n\n<p>Con la visi\u00f3n de subsidiar la demanda y no la oferta, el subsidio a trav\u00e9s de la Tarifa Social y por medio de la tarjeta SUBE nominalizada, logra ayudar a los usuarios beneficiarios m\u00e1s vulnerables en relaci\u00f3n a la accesibilidad al transporte p\u00fablico.<\/p>\n\n\n\n<p>Adem\u00e1s se mantiene el beneficio de RED SUBE para los colectivos de jurisdicci\u00f3n nacional en el AMBA, que contempla un descuento en el valor de la tarifa al utilizar m\u00e1s de un transporte p\u00fablico en el lapso de dos horas.<\/p>\n","protected":false},"excerpt":{"rendered":"<p>El boleto en Buenos Aires cuesta cuatro veces menos que en las provincias gracias al aporte de Naci&oacute;n. El promedio de costo de un boleto en las provincias llega a $ 1.000. La Secretar&iacute;a de Transporte de la Naci&oacute;n estableci&oacute; el nuevo esquema tarifario para los colectivos en el AMBA. A partir del 12 de [&hellip;]<\/p>\n","protected":false},"author":2,"featured_media":5539,"comment_status":"open","ping_status":"open","sticky":false,"template":"","format":"standard","meta":{"footnotes":""},"categories":[5,176],"tags":[2186,622,2313,224],"class_list":["post-5538","post","type-post","status-publish","format-standard","has-post-thumbnail","hentry","category-nacionales","category-politica","tag-amba","tag-aumento","tag-boletos","tag-gobierno"],"_links":{"self":[{"href":"https:\/\/partediario.com.ar\/index.php?rest_route=\/wp\/v2\/posts\/5538","targetHints":{"allow":["GET"]}}],"collection":[{"href":"https:\/\/partediario.com.ar\/index.php?rest_route=\/wp\/v2\/posts"}],"about":[{"href":"https:\/\/partediario.com.ar\/index.php?rest_route=\/wp\/v2\/types\/post"}],"author":[{"embeddable":true,"href":"https:\/\/partediario.com.ar\/index.php?rest_route=\/wp\/v2\/users\/2"}],"replies":[{"embeddable":true,"href":"https:\/\/partediario.com.ar\/index.php?rest_route=%2Fwp%2Fv2%2Fcomments&post=5538"}],"version-history":[{"count":1,"href":"https:\/\/partediario.com.ar\/index.php?rest_route=\/wp\/v2\/posts\/5538\/revisions"}],"predecessor-version":[{"id":5540,"href":"https:\/\/partediario.com.ar\/index.php?rest_route=\/wp\/v2\/posts\/5538\/revisions\/5540"}],"wp:featuredmedia":[{"embeddable":true,"href":"https:\/\/partediario.com.ar\/index.php?rest_route=\/wp\/v2\/media\/5539"}],"wp:attachment":[{"href":"https:\/\/partediario.com.ar\/index.php?rest_route=%2Fwp%2Fv2%2Fmedia&parent=5538"}],"wp:term":[{"taxonomy":"category","embeddable":true,"href":"https:\/\/partediario.com.ar\/index.php?rest_route=%2Fwp%2Fv2%2Fcategories&post=5538"},{"taxonomy":"post_tag","embeddable":true,"href":"https:\/\/partediario.com.ar\/index.php?rest_route=%2Fwp%2Fv2%2Ftags&post=5538"}],"curies":[{"name":"wp","href":"https:\/\/api.w.org\/{rel}","templated":true}]}}