{"id":5570,"date":"2024-08-06T16:39:56","date_gmt":"2024-08-06T19:39:56","guid":{"rendered":"https:\/\/partediario.com.ar\/?p=5570"},"modified":"2024-08-06T18:44:05","modified_gmt":"2024-08-06T21:44:05","slug":"los-concejales-se-cansaron-de-los-empresarios-de-transporte-en-parana-mala-gestion-incumplidores-ineficientes-y-caro-senalaron","status":"publish","type":"post","link":"https:\/\/partediario.com.ar\/?p=5570","title":{"rendered":"Transporte en Paran\u00e1: \u201cMala gesti\u00f3n, incumplidores, ineficientes, y caro\u201d, expres\u00f3 R\u00edos"},"content":{"rendered":"\n<p><strong>Enrique R\u00edos, concejal oficialista en Paran\u00e1, fue contundente al calificar el comportamiento de los gerentes de las empresas de transportes, calific\u00f3 de malo y deficiente el servicio; consider\u00f3 agotada la instancia de permanencia de la concesi\u00f3n y se\u00f1al\u00f3 que pretenden utilizar los recursos de todos los vecinos de la ciudad para pagar deudas y compromisos de una empresa privada. Tambi\u00e9n considero \u201cextorsivo\u201d el comunicado de los empresarios.<\/strong><\/p>\n\n\n\n<p>Buses Paran\u00e1, envi\u00f3 un comunicado de prensa donde responsabiliza al municipio de Paran\u00e1 sobre la continuidad de la prestaci\u00f3n de servicio.<\/p>\n\n\n\n<p>\u201c Lamento la falta de dialogo, por parte de los empresarios, una vez mas hay una actitud totalmente irresponsable, provocadora y amenazante del sector empresarial \u201c, declar\u00f3 R\u00edos al ser consultado sobre la supuesta responsabilidad del municipio.<\/p>\n\n\n\n<p>Seg\u00fan el edil oficialista , \u201cno se hacen cargo de la mala gesti\u00f3n que vienen realizando en la ciudad\u201d, en sus apreciaciones dej\u00f3 clara que a su entender \u201c no solo no se hacen cargo de la mala gesti\u00f3n que vienen realizando en la ciudad, que origina que no solo no puedan cumplir con el compromiso salarial de sus empleados, sino que adem\u00e1s, vienen ejecutando un servicio de transporte totalmente ineficaz , ineficiente , caro con coches que pr\u00e1cticamente est\u00e1n a punto de la destrucci\u00f3n total, con flotas que superan los 12 a 15 a\u00f1os en la ciudad de Paran\u00e1 , con un servicio que no tiene previsi\u00f3n porque a mitad de la ma\u00f1ana o la tarde quitan coches y hacen que la gente cada vez mas desistan de ocupar el transporte publico en la ciudad de Paran\u00e1, con coches que carecen del servicio de limpieza, es la realidad del transporte p\u00fablico en la ciudad de Paran\u00e1\u201d sentenci\u00f3 y agreg\u00f3 que \u201cpor otro lado est\u00e1 el sector empresarial que no se hace cargo de absolutamente nada y que plantea lo que viene planteando desde hace mucho tiempo, que el estado disponga de mayores erogaciones de fondos para sostener un sistema, que no corresponde con la realidad de los vecinos y que cada vez es menos utilizado.<\/p>\n\n\n\n<p>Comunicado de empresa : \u201ces extorsivo\u201d<\/p>\n\n\n\n<p>Consultado por este medio sobre su postura frente al comunicado de prensa que responsabiliza directamente a la Municipalidad por la continuidad de prestaron de servicio, fue categ\u00f3rico al manifestar que \u201ces un chantaje, y quiere hacer responsable al estado municipal para que aporte mas dinero a un servicio que hoy no le sirve a los paranaenses\u201d.<\/p>\n\n\n\n<p>Los empresarios plantean la imposibilidad de cubrir los costos del pago de los salarios de sus trabajadores, y Enrique Rios responde que \u201c en cuanto al pago salarial, cualquier negocio , sabe que debe hacerse cargo del pago de los salarios de sus trabajadores , en este caso puntual lo que reclaman los empresarios es que el estado se haga cargo del sueldo , quieren que todos los contribuyentes se hagan cargo de pagarle el sueldo a los trabajadores de una empresa privada, que si uno analiza el ultimo acuerdo salarial que hace la UTA, es un salario que supera el mill\u00f3n de pesos, cuando el propio estado municipal tiene una l\u00ednea , de un salario promedio de un empleado de 450 mil pesos, menos del 50 % de lo que cobra un trabajador de la UTA\u201d.<\/p>\n\n\n\n<p>\u201cAc\u00e1 hay una transferencia de responsabilidades que el sector empresarial quiere hacer a la municipalidad de Paran\u00e1\u201d. .<\/p>\n\n\n\n<p>Extorsi\u00f3n y chantaje<\/p>\n\n\n\n<p>Los empresarios aseguran que peligra la continuidad de un servicio en funci\u00f3n a la responsabilidad de un estado municipal, al cual le reclaman que saquen dinero de todos los paranaenses para pagar compromisos salariales de una empresa privada, ese es el planteo de los empresarios en l\u00ednea general\u201d, declaro el concejal. \u00abEn ninguna parte del texto comunicante de la empresa, hablan de c\u00f3mo mejorar el sistema ni que puede pasar con los coches que est\u00e1n inutilizados, la renovaci\u00f3n de la flota, nuevos recorridos alternativos, solo quieren mayor dinero con el apoyo del municipio para cubrir la deuda salarial, acot\u00f3.<\/p>\n\n\n\n<p>En cuanto a las responsabilidades y compromisos, fue claro al manifestar que \u201cEn el convenio colectivo de trabajo no participa el municipio esta la patronal y los trabajadores, es algo totalmente ajeno a la responsabilidad que tiene el estad municipal\u00bb.<\/p>\n\n\n\n<p>Fin de la concesi\u00f3n y responsabilidad del Estado<\/p>\n\n\n\n<p>La situaci\u00f3n y relaci\u00f3n con la empresa concesionante y el municipio estar\u00eda agotada, \u201chan demostrado incapacidad para resolver cuestiones propias del transporte, fundamentalmente el gerenciamiento y sustentabilidad, sino que adem\u00e1s tiene poco compromiso con los ciudadanos, una empresa que no tiene la empat\u00eda para pensar lo que le pasa a los paranaenses cuando no pueden acudir a sus lugares de trabajo, la empresa ha demostrado un desprecio con la situaci\u00f3n que viven a diario los usuarios del transporte p\u00fablico de pasajeros, no busca alternativas. El estado municipal gestiono subsidios que se cayeron para el interior del pa\u00eds\u201d se\u00f1al\u00f3.<\/p>\n\n\n\n<p>Sobre roles y controles, dijo que \u00abdesde el estado municipal se observaron las irregularidades se efectuaron las multas, actuamos como contralor, se trabaja en como mejorar el servicio , desde el sector privado la respuesta solo es que no tienen fondos y cuando se plantea esas situaciones, hemos dado tarifas que es muy dif\u00edcil cubrir por muchos usuarios, sin embargo tampoco les alcanza para cubrir los gastos administrativos que plantean desde la empresa, tambi\u00e9n deben reconocer que tienen una planta de personal muy alta y el gasto mayor a sostener en la ecuaci\u00f3n econ\u00f3mica es el pago de sueldo de personal .\u201d en la ecuaci\u00f3n \u201c Cayo la recaudaci\u00f3n, subi\u00f3 los costos operativos y la planilla de personal es muy alto, el estado no puede seguir usando los recursos de todos los paranaenses para pagar las deudas de un privado que tambi\u00e9n tiene sus beneficios\u00bb, finaliz\u00f3.<\/p>\n","protected":false},"excerpt":{"rendered":"<p>Enrique R&iacute;os, concejal oficialista en Paran&aacute;, fue contundente al calificar el comportamiento de los gerentes de las empresas de transportes, calific&oacute; de malo y deficiente el servicio; consider&oacute; agotada la instancia de permanencia de la concesi&oacute;n y se&ntilde;al&oacute; que pretenden utilizar los recursos de todos los vecinos de la ciudad para pagar deudas y compromisos [&hellip;]<\/p>\n","protected":false},"author":2,"featured_media":5576,"comment_status":"open","ping_status":"open","sticky":false,"template":"","format":"standard","meta":{"footnotes":""},"categories":[6,176,726],"tags":[693,427,265],"class_list":["post-5570","post","type-post","status-publish","format-standard","has-post-thumbnail","hentry","category-locales","category-politica","category-sociedad","tag-buses-parana","tag-enrique-rios","tag-parana"],"_links":{"self":[{"href":"https:\/\/partediario.com.ar\/index.php?rest_route=\/wp\/v2\/posts\/5570","targetHints":{"allow":["GET"]}}],"collection":[{"href":"https:\/\/partediario.com.ar\/index.php?rest_route=\/wp\/v2\/posts"}],"about":[{"href":"https:\/\/partediario.com.ar\/index.php?rest_route=\/wp\/v2\/types\/post"}],"author":[{"embeddable":true,"href":"https:\/\/partediario.com.ar\/index.php?rest_route=\/wp\/v2\/users\/2"}],"replies":[{"embeddable":true,"href":"https:\/\/partediario.com.ar\/index.php?rest_route=%2Fwp%2Fv2%2Fcomments&post=5570"}],"version-history":[{"count":2,"href":"https:\/\/partediario.com.ar\/index.php?rest_route=\/wp\/v2\/posts\/5570\/revisions"}],"predecessor-version":[{"id":5574,"href":"https:\/\/partediario.com.ar\/index.php?rest_route=\/wp\/v2\/posts\/5570\/revisions\/5574"}],"wp:featuredmedia":[{"embeddable":true,"href":"https:\/\/partediario.com.ar\/index.php?rest_route=\/wp\/v2\/media\/5576"}],"wp:attachment":[{"href":"https:\/\/partediario.com.ar\/index.php?rest_route=%2Fwp%2Fv2%2Fmedia&parent=5570"}],"wp:term":[{"taxonomy":"category","embeddable":true,"href":"https:\/\/partediario.com.ar\/index.php?rest_route=%2Fwp%2Fv2%2Fcategories&post=5570"},{"taxonomy":"post_tag","embeddable":true,"href":"https:\/\/partediario.com.ar\/index.php?rest_route=%2Fwp%2Fv2%2Ftags&post=5570"}],"curies":[{"name":"wp","href":"https:\/\/api.w.org\/{rel}","templated":true}]}}