{"id":5593,"date":"2024-08-07T09:07:30","date_gmt":"2024-08-07T12:07:30","guid":{"rendered":"https:\/\/partediario.com.ar\/?p=5593"},"modified":"2024-08-07T09:07:30","modified_gmt":"2024-08-07T12:07:30","slug":"donde-estan-los-panuelos-verdes","status":"publish","type":"post","link":"https:\/\/partediario.com.ar\/?p=5593","title":{"rendered":"D\u00f3nde est\u00e1n los pa\u00f1uelos verdes"},"content":{"rendered":"\n<h3 class=\"wp-block-heading\">Las argentinas callan, ante el grito de auxilio de Fabiola.<\/h3>\n\n\n\n<ul class=\"wp-block-list\">\n<li>Redacci\u00f3n Parte Diario<\/li>\n<\/ul>\n\n\n\n<p>Argentina vuelve a ser noticia en el mundo, un ex presidente denunciado por violencia de g\u00e9nero; Alberto Fern\u00e1ndez, un hombre de derecho, habr\u00eda violado la ley , las buenas costumbres, modales y respeto; La madre de su hijo, Fabiola lo denunci\u00f3 por violento, y el silencio de las referentes y dirigentes feministas dejan al descubierto las conveniencias e intereses de mujeres que no defienden a todas las mujeres.<\/p>\n\n\n\n<p>El ex Presidente, Alberto Fern\u00e1ndez el hombre que m\u00e1s se jact\u00f3 de hablar de sus acciones por los derechos adquiridos en su gesti\u00f3n en materia de violencia de g\u00e9nero y la protecci\u00f3n de las mujeres en nuestro Pa\u00eds ahora cay\u00f3 en desgracia, es una forma metaf\u00f3rica para graficar los momentos complicados en materia judicial; de comprobarse la denuncia y todo indicar\u00eda que as\u00ed ser\u00e1, quedar\u00e1 demostrado su acto de cobard\u00eda y su actitud violenta. Su esposa, madre de su hijo, present\u00f3 en el d\u00eda de ayer, en la justicia las pruebas que reforzaban su denuncia por las diversas situaciones de violencia vividas junto al entonces Presidente. En la investigaci\u00f3n, de otra causa donde se investiga la participaci\u00f3n o no de Fern\u00e1ndez, en las pericias, se detectaron chat , mensajes de textos donde se observan situaciones violentas con su pareja es por ello que el fiscal que act\u00faa en esa investigaci\u00f3n, deriva a otra fiscal\u00eda, la de violencia de G\u00e9nero, y ayer se concret\u00f3 la denuncia tras el testimonio de parte de la propia Fabiola, ex primera dama y madre del hijo de Fern\u00e1ndez.<\/p>\n\n\n\n<p>La noticia conmocion\u00f3 a parte de la sociedad que no esperaba eso de Fern\u00e1ndez. Pero lo que m\u00e1s llama la atenci\u00f3n es el silencio \u201cc\u00f3mplice\u201d? de las tantas mujeres activistas, referentes feministas , dirigentes pol\u00edticos que pululaban en los medios de comunicaci\u00f3n repudiando a los violentos, empoderando a las mujeres, defendiendo y luchando por sus derechos, donde est\u00e1n las \u201c NI UNA MENOS\u201d. Nadie, ni peronistas, ni radicales, ni Pro , ni Comunistas , nadie parece querer acompa\u00f1ar a la v\u00edctima, la pobre Fabiola que hasta ahora la dejaron sola, con el solo acompa\u00f1amiento de los medios de comunicaci\u00f3n, en soledad, sin bombos ni pa\u00f1uelos, sin gritos, sin marcha , sin canciones, sin abogadas medi\u00e1ticos . Tan solo un min\u00fasculo y reducido grupo de mujeres entre ellas la ex legisladora Ofelia Fern\u00e1ndez y \u00c1lvarez Alcorta y nadie m\u00e1s.<\/p>\n\n\n\n<p>En la provincia de Entre R\u00edos, el ensordecedor sonido del silencio de todas las mujeres dirigentes que visibilizaban la situaci\u00f3n mediante la lucha, hasta ahora no se manifestaron, ninguna, nadie. Habr\u00e1 que esperar si solo se trata de prudencia y esperan que la justicia confirme la denuncia, o tal vez la difusi\u00f3n de los chat, para reci\u00e9n ah\u00ed opinar para no da\u00f1ar la figura institucional de un ex presidente. Pero por ser prudentes o mantener pasividad, en la Argentina, cientos de mujeres fueron asesinadas y miles v\u00edctimas de violencia de g\u00e9nero. Lo que no debemos permitir como sociedad, es que nadie opine por la sencilla raz\u00f3n de inter\u00e9s pol\u00edtico, y que dejen al descubierto que nunca se trat\u00f3 de la verdadera lucha de los derechos de las mujeres.<\/p>\n","protected":false},"excerpt":{"rendered":"<p>Las argentinas callan, ante el grito de auxilio de Fabiola. Argentina vuelve a ser noticia en el mundo, un ex presidente denunciado por violencia de g&eacute;nero; Alberto Fern&aacute;ndez, un hombre de derecho, habr&iacute;a violado la ley , las buenas costumbres, modales y respeto; La madre de su hijo, Fabiola lo denunci&oacute; por violento, y el [&hellip;]<\/p>\n","protected":false},"author":2,"featured_media":5594,"comment_status":"open","ping_status":"open","sticky":false,"template":"","format":"standard","meta":{"footnotes":""},"categories":[979,5,176],"tags":[517,812,2324,2333],"class_list":["post-5593","post","type-post","status-publish","format-standard","has-post-thumbnail","hentry","category-judiciales","category-nacionales","category-politica","tag-alberto-fernandez","tag-denuncia","tag-fabiola-yanez","tag-panuelos-verdes"],"_links":{"self":[{"href":"https:\/\/partediario.com.ar\/index.php?rest_route=\/wp\/v2\/posts\/5593","targetHints":{"allow":["GET"]}}],"collection":[{"href":"https:\/\/partediario.com.ar\/index.php?rest_route=\/wp\/v2\/posts"}],"about":[{"href":"https:\/\/partediario.com.ar\/index.php?rest_route=\/wp\/v2\/types\/post"}],"author":[{"embeddable":true,"href":"https:\/\/partediario.com.ar\/index.php?rest_route=\/wp\/v2\/users\/2"}],"replies":[{"embeddable":true,"href":"https:\/\/partediario.com.ar\/index.php?rest_route=%2Fwp%2Fv2%2Fcomments&post=5593"}],"version-history":[{"count":1,"href":"https:\/\/partediario.com.ar\/index.php?rest_route=\/wp\/v2\/posts\/5593\/revisions"}],"predecessor-version":[{"id":5595,"href":"https:\/\/partediario.com.ar\/index.php?rest_route=\/wp\/v2\/posts\/5593\/revisions\/5595"}],"wp:featuredmedia":[{"embeddable":true,"href":"https:\/\/partediario.com.ar\/index.php?rest_route=\/wp\/v2\/media\/5594"}],"wp:attachment":[{"href":"https:\/\/partediario.com.ar\/index.php?rest_route=%2Fwp%2Fv2%2Fmedia&parent=5593"}],"wp:term":[{"taxonomy":"category","embeddable":true,"href":"https:\/\/partediario.com.ar\/index.php?rest_route=%2Fwp%2Fv2%2Fcategories&post=5593"},{"taxonomy":"post_tag","embeddable":true,"href":"https:\/\/partediario.com.ar\/index.php?rest_route=%2Fwp%2Fv2%2Ftags&post=5593"}],"curies":[{"name":"wp","href":"https:\/\/api.w.org\/{rel}","templated":true}]}}