{"id":5596,"date":"2024-08-07T10:22:10","date_gmt":"2024-08-07T13:22:10","guid":{"rendered":"https:\/\/partediario.com.ar\/?p=5596"},"modified":"2024-08-07T10:41:19","modified_gmt":"2024-08-07T13:41:19","slug":"la-foto-de-la-visita-organizada-por-beltran-benedit-de-diputados-oficialistas-a-represores-en-ezeiza","status":"publish","type":"post","link":"https:\/\/partediario.com.ar\/?p=5596","title":{"rendered":"La foto de la visita organizada por Beltr\u00e1n Benedit de diputados oficialistas a represores en Ezeiza"},"content":{"rendered":"\n<p><strong>La foto que la Libertad Avanza no quer\u00eda que aparezca, finalmente se dio a conocer. Se trata de la visita de diputados de la LLA encabezados por el entrerriano Beltr\u00e1n Benedit a la c\u00e1rcel de Ezeiza.<\/strong><\/p>\n\n\n\n<p>En la imagen de los legisladores de La Libertad Avanza con condenados por delitos de lesa humanidad se puede ver a Lourdes Arrieta junto a sus compa\u00f1eros de bloque, el entrerriano, Beltr\u00e1n B\u00e9nedit, Mar\u00eda Fernanda Araujo, Guillermo Montenegro y Alida Ferreyra. Destacando que el ide\u00f3logo de la rapudiable visita fue Benedit.<\/p>\n\n\n\n<p>La foto de los diputados de La Libertad Avanza que fueron a visitar a represores condenados por delitos de lesa humanidad al penal de Ezeiza apareci\u00f3 en las \u00faltimas horas y en la imagen se puede ver a Lourdes Arrieta junto a sus compa\u00f1eros de bloque, el entrerriano, Beltr\u00e1n B\u00e9nedit, Mar\u00eda Fernanda Araujo, Guillermo Montenegro y Alida Ferreyra.<\/p>\n\n\n\n<p>En la imagen que se viraliz\u00f3 r\u00e1pidamente, est\u00e1 Antonio Pern\u00edas (alias \u201cTrueno\u201d o \u201cRata\u201d), quien fue condenado a perpetua por delitos de lesa humanidad en la ESMA, mientras que tambi\u00e9n se puede ver a Miguel Britos, ex miembro de la Superintendencia de Seguridad Federal, condenado por delitos en el circuito represivo ABO (Atl\u00e9tico-Banco-Olimpo).<\/p>\n\n\n\n<p>El diputado entrerriano de La Libertad Avanza, Beltr\u00e1n Benedit, organiz\u00f3 una reuni\u00f3n con represores en la c\u00e1rcel.<\/p>\n\n\n\n<p>En la segunda fila de la foto est\u00e1n Mario \u201cEl Cura\u201d Marcote, miembro del Servicio de Informaciones y condenado a 17 a\u00f1os de prisi\u00f3n en Rosario, Alfredo Astiz, conocido como \u201cel \u00c1ngel de la muerte\u201d y condenado por infiltrarse en Madres de Plaza de Mayo, as\u00ed como por desapariciones y torturas en la ESMA.<\/p>\n\n\n\n<p>Adem\u00e1s aparecen en el registro fotogr\u00e1fico, Honorio Carlos Mart\u00ednez Ru\u00edz, condenado a perpetua por los cr\u00edmenes cometidos en el centro clandestino Automotores Orletti; Ra\u00fal Guglielminetti, tambi\u00e9n condenado por su accionar en Automotores Orletti; Marcelo Cinto Courtaux, miembro del Destacamento 201 de Inteligencia que actu\u00f3 en Campo de Mayo y Julio C\u00e9sar Arg\u00fcello, condenado a perpetua por delitos cometidos en el \u201cCircuito Camps\u201d.<\/p>\n\n\n\n<p>En la foto se puede ver tambi\u00e9n a Juan Manuel Cordero, condenado a 25 a\u00f1os de prisi\u00f3n por cr\u00edmenes cometidos en el marco del Plan C\u00f3ndor; Carlos Guillermo Su\u00e1rez Mason (hijo), alias \u201cEl hijo de Sam\u201d, condenado por delitos de lesa humanidad en la ESMA; Gerardo Arraez, condenado a 25 a\u00f1os de prisi\u00f3n por delitos en el circuito represivo ABO (Atl\u00e9tico-Banco-Olimpo) y Adolfo Donda, condenado por su accionar en la ESMA y por el secuestro de la ex diputada Victoria Donda.<\/p>\n\n\n\n<p>En la foto no solo est\u00e1 Benedit entre los entrerrianos, tambi\u00e9n se puede visualizar a Pelayo Francisco Lacal Montenegro, sobrino de Benedit, arriba a la izquierda, Lacal Montenegro fue candidato a diputado provincial en la lista que puso cinco legisladores y es pareja de quien fuera candidata a viceintendenta de Paran\u00e1, Camila Scavia.<\/p>\n\n\n\n<p>Lacal Montenegro fue impulsor del Partido Sol encabezado por la dirigente local Miriam M\u00fcller, -con clara tendencia de derecha y militarista-, responsable de fiscalizaci\u00f3n en la primera etapa del proceso electoral de 2023. Es hijo de Francisco Emilio Lacal Montenegro, un militar fallecido en 2008 que fue recordado por su participaci\u00f3n en el conflicto b\u00e9lico en Malvinas.<\/p>\n\n\n\n<p>Es hermano de Francisco Lacal Montenegro una persona que fue investigada en 2009, en Bariloche, por un hecho violento que implic\u00f3 el secuestro y tortura de tres personas. En la investigaci\u00f3n, en determinado momento se dispuso el arresto de esta persona que permaneci\u00f3 pr\u00f3fuga por varios meses.<\/p>\n\n\n\n<p>El caso fue resonante en el sur del pa\u00eds por el hallazgo, en distintos allanamientos a los acusados, de un campa\u00f1a ultranacionalista y de reivindicaci\u00f3n al movimiento carapintada.<\/p>\n","protected":false},"excerpt":{"rendered":"<p>La foto que la Libertad Avanza no quer&iacute;a que aparezca, finalmente se dio a conocer. Se trata de la visita de diputados de la LLA encabezados por el entrerriano Beltr&aacute;n Benedit a la c&aacute;rcel de Ezeiza. En la imagen de los legisladores de La Libertad Avanza con condenados por delitos de lesa humanidad se puede [&hellip;]<\/p>\n","protected":false},"author":2,"featured_media":5599,"comment_status":"open","ping_status":"open","sticky":false,"template":"","format":"standard","meta":{"footnotes":""},"categories":[5,176,8],"tags":[2335,2334,1915,310,1917,266,2337,2336],"class_list":["post-5596","post","type-post","status-publish","format-standard","has-post-thumbnail","hentry","category-nacionales","category-politica","category-provinciales","tag-alfredo-astiz","tag-antonio-pernias","tag-beltran-benedit","tag-diputados","tag-ezeiza","tag-libertad-avanza","tag-miriam-muller","tag-pelayo-francisco-lacal-montenegro"],"_links":{"self":[{"href":"https:\/\/partediario.com.ar\/index.php?rest_route=\/wp\/v2\/posts\/5596","targetHints":{"allow":["GET"]}}],"collection":[{"href":"https:\/\/partediario.com.ar\/index.php?rest_route=\/wp\/v2\/posts"}],"about":[{"href":"https:\/\/partediario.com.ar\/index.php?rest_route=\/wp\/v2\/types\/post"}],"author":[{"embeddable":true,"href":"https:\/\/partediario.com.ar\/index.php?rest_route=\/wp\/v2\/users\/2"}],"replies":[{"embeddable":true,"href":"https:\/\/partediario.com.ar\/index.php?rest_route=%2Fwp%2Fv2%2Fcomments&post=5596"}],"version-history":[{"count":1,"href":"https:\/\/partediario.com.ar\/index.php?rest_route=\/wp\/v2\/posts\/5596\/revisions"}],"predecessor-version":[{"id":5598,"href":"https:\/\/partediario.com.ar\/index.php?rest_route=\/wp\/v2\/posts\/5596\/revisions\/5598"}],"wp:featuredmedia":[{"embeddable":true,"href":"https:\/\/partediario.com.ar\/index.php?rest_route=\/wp\/v2\/media\/5599"}],"wp:attachment":[{"href":"https:\/\/partediario.com.ar\/index.php?rest_route=%2Fwp%2Fv2%2Fmedia&parent=5596"}],"wp:term":[{"taxonomy":"category","embeddable":true,"href":"https:\/\/partediario.com.ar\/index.php?rest_route=%2Fwp%2Fv2%2Fcategories&post=5596"},{"taxonomy":"post_tag","embeddable":true,"href":"https:\/\/partediario.com.ar\/index.php?rest_route=%2Fwp%2Fv2%2Ftags&post=5596"}],"curies":[{"name":"wp","href":"https:\/\/api.w.org\/{rel}","templated":true}]}}