{"id":5628,"date":"2024-08-07T16:14:05","date_gmt":"2024-08-07T19:14:05","guid":{"rendered":"https:\/\/partediario.com.ar\/?p=5628"},"modified":"2024-08-07T16:14:05","modified_gmt":"2024-08-07T19:14:05","slug":"santa-elena-se-prepara-para-festejar-el-dia-de-las-infancias","status":"publish","type":"post","link":"https:\/\/partediario.com.ar\/?p=5628","title":{"rendered":"Santa Elena se prepara para festejar el \u00abDia de las Infancias\u00bb"},"content":{"rendered":"\n<p><strong>Personal Municipal trabaja en la puesta a punto del escenario e inmediaciones de Zona Costanera.<\/strong><\/p>\n\n\n\n<p>Las labores se llevan a cabo de cara a la realizaci\u00f3n de la Fiesta de las Infancias que se celebrar\u00e1 el pr\u00f3ximo domingo, 11 de agosto, desde las 11:00, organizada por el Gobierno de Santa Elena a trav\u00e9s de sus \u00c1reas.<\/p>\n\n\n\n<p><\/p>\n\n\n\n<figure class=\"wp-block-image size-large\"><img loading=\"lazy\" decoding=\"async\" width=\"1024\" height=\"768\" src=\"https:\/\/partediario.com.ar\/wp-content\/uploads\/454475198_906224421549314_6630045186535312232_n-1024x768.jpg\" alt=\"\" class=\"wp-image-5632\" srcset=\"https:\/\/partediario.com.ar\/wp-content\/uploads\/454475198_906224421549314_6630045186535312232_n-1024x768.jpg 1024w, https:\/\/partediario.com.ar\/wp-content\/uploads\/454475198_906224421549314_6630045186535312232_n-300x225.jpg 300w, https:\/\/partediario.com.ar\/wp-content\/uploads\/454475198_906224421549314_6630045186535312232_n-768x576.jpg 768w, https:\/\/partediario.com.ar\/wp-content\/uploads\/454475198_906224421549314_6630045186535312232_n-1536x1152.jpg 1536w, https:\/\/partediario.com.ar\/wp-content\/uploads\/454475198_906224421549314_6630045186535312232_n.jpg 1600w\" sizes=\"auto, (max-width: 1024px) 100vw, 1024px\" \/><\/figure>\n\n\n\n<p><\/p>\n\n\n\n<figure class=\"wp-block-image size-large\"><img loading=\"lazy\" decoding=\"async\" width=\"1024\" height=\"768\" src=\"https:\/\/partediario.com.ar\/wp-content\/uploads\/454405392_906224418215981_6011997840867507000_n-1024x768.jpg\" alt=\"\" class=\"wp-image-5630\" srcset=\"https:\/\/partediario.com.ar\/wp-content\/uploads\/454405392_906224418215981_6011997840867507000_n-1024x768.jpg 1024w, https:\/\/partediario.com.ar\/wp-content\/uploads\/454405392_906224418215981_6011997840867507000_n-300x225.jpg 300w, https:\/\/partediario.com.ar\/wp-content\/uploads\/454405392_906224418215981_6011997840867507000_n-768x576.jpg 768w, https:\/\/partediario.com.ar\/wp-content\/uploads\/454405392_906224418215981_6011997840867507000_n.jpg 1280w\" sizes=\"auto, (max-width: 1024px) 100vw, 1024px\" \/><\/figure>\n\n\n\n<p><\/p>\n\n\n\n<figure class=\"wp-block-embed is-type-wp-embed is-provider-incrustado wp-block-embed-incrustado\"><div class=\"wp-block-embed__wrapper\">\n<blockquote class=\"wp-embedded-content\" data-secret=\"KcvMPHpBOY\"><a href=\"https:\/\/partediario.com.ar\/?p=5563\">Santa Elena se prepara para celebrar el D\u00eda de las Infancias<\/a><\/blockquote><iframe loading=\"lazy\" class=\"wp-embedded-content\" sandbox=\"allow-scripts\" security=\"restricted\" style=\"position: absolute; clip: rect(1px, 1px, 1px, 1px);\" title=\"&#8220;Santa Elena se prepara para celebrar el D\u00eda de las Infancias&#8221; &#8212; \" src=\"https:\/\/partediario.com.ar\/?p=5563&#038;embed=true#?secret=v6muqmrjbD#?secret=KcvMPHpBOY\" data-secret=\"KcvMPHpBOY\" width=\"600\" height=\"338\" frameborder=\"0\" marginwidth=\"0\" marginheight=\"0\" scrolling=\"no\"><\/iframe>\n<\/div><\/figure>\n","protected":false},"excerpt":{"rendered":"<p>Personal Municipal trabaja en la puesta a punto del escenario e inmediaciones de Zona Costanera. Las labores se llevan a cabo de cara a la realizaci&oacute;n de la Fiesta de las Infancias que se celebrar&aacute; el pr&oacute;ximo domingo, 11 de agosto, desde las 11:00, organizada por el Gobierno de Santa Elena a trav&eacute;s de sus [&hellip;]<\/p>\n","protected":false},"author":2,"featured_media":5631,"comment_status":"open","ping_status":"open","sticky":false,"template":"","format":"standard","meta":{"footnotes":""},"categories":[8,726],"tags":[2323,210,207],"class_list":["post-5628","post","type-post","status-publish","format-standard","has-post-thumbnail","hentry","category-provinciales","category-sociedad","tag-dia-de-las-infancias","tag-municipalidad","tag-santa-elena"],"_links":{"self":[{"href":"https:\/\/partediario.com.ar\/index.php?rest_route=\/wp\/v2\/posts\/5628","targetHints":{"allow":["GET"]}}],"collection":[{"href":"https:\/\/partediario.com.ar\/index.php?rest_route=\/wp\/v2\/posts"}],"about":[{"href":"https:\/\/partediario.com.ar\/index.php?rest_route=\/wp\/v2\/types\/post"}],"author":[{"embeddable":true,"href":"https:\/\/partediario.com.ar\/index.php?rest_route=\/wp\/v2\/users\/2"}],"replies":[{"embeddable":true,"href":"https:\/\/partediario.com.ar\/index.php?rest_route=%2Fwp%2Fv2%2Fcomments&post=5628"}],"version-history":[{"count":1,"href":"https:\/\/partediario.com.ar\/index.php?rest_route=\/wp\/v2\/posts\/5628\/revisions"}],"predecessor-version":[{"id":5633,"href":"https:\/\/partediario.com.ar\/index.php?rest_route=\/wp\/v2\/posts\/5628\/revisions\/5633"}],"wp:featuredmedia":[{"embeddable":true,"href":"https:\/\/partediario.com.ar\/index.php?rest_route=\/wp\/v2\/media\/5631"}],"wp:attachment":[{"href":"https:\/\/partediario.com.ar\/index.php?rest_route=%2Fwp%2Fv2%2Fmedia&parent=5628"}],"wp:term":[{"taxonomy":"category","embeddable":true,"href":"https:\/\/partediario.com.ar\/index.php?rest_route=%2Fwp%2Fv2%2Fcategories&post=5628"},{"taxonomy":"post_tag","embeddable":true,"href":"https:\/\/partediario.com.ar\/index.php?rest_route=%2Fwp%2Fv2%2Ftags&post=5628"}],"curies":[{"name":"wp","href":"https:\/\/api.w.org\/{rel}","templated":true}]}}