{"id":5643,"date":"2024-08-07T18:33:56","date_gmt":"2024-08-07T21:33:56","guid":{"rendered":"https:\/\/partediario.com.ar\/?p=5643"},"modified":"2024-08-07T18:33:57","modified_gmt":"2024-08-07T21:33:57","slug":"parana-comenzo-un-nuevo-recorrido-de-la-feria-en-tu-barrio-con-el-especial-vuelta-a-clases","status":"publish","type":"post","link":"https:\/\/partediario.com.ar\/?p=5643","title":{"rendered":"Paran\u00e1: comenz\u00f3 un nuevo recorrido de la Feria en tu Barrio con el especial Vuelta a Clases"},"content":{"rendered":"\n<p><strong>La iniciativa de la Municipalidad estuvo este martes en la Escuela Hogar con kits para primaria y secundaria, indumentaria y otros elementos confeccionados por cooperativas de la ciudad.<\/strong><\/p>\n\n\n\n<p>Continuar\u00e1 este viernes 9 de agosto en la plaza Eva Per\u00f3n de San Agust\u00edn y el s\u00e1bado 10 en la plaza Espa\u00f1a de barrio Rocamora, ambas jornadas en el horario de 9 a 13.<\/p>\n\n\n\n<p>\u201cOfrecemos los kits tradicionales con \u00fatiles escolares y le sumamos productos de las cooperativas textiles locales a muy buen costo\u201d, destac\u00f3 Silvia Garc\u00eda, directora de Cooperativas de la Subsecretar\u00eda de Producci\u00f3n.<\/p>\n\n\n\n<p>A partir de un trabajo junto a las cooperativas textiles locales, en esta oportunidad se podr\u00e1n adquirir pantalones cargo para estudiantes de escuelas t\u00e9cnicas, camperas, remeras y pantalones de algod\u00f3n para gimnasia, as\u00ed como marroquiner\u00eda (mochilas, cartucheras y accesorios).<\/p>\n\n\n\n<p>En esta edici\u00f3n se sum\u00f3 el taller textil \u201cUn roto para un descosido\u201d, ofreciendo cartucheras a precios econ\u00f3micos. \u201cTrabajamos con materiales recuperados como pl\u00e1sticos y telas, por eso todos nuestros productos son m\u00e1s accesibles. Es importante este espacio para ofrecer nuestras producciones y es de destacar el acompa\u00f1amiento del Municipio\u201d, se\u00f1al\u00f3 el emprendedor Jonathan D\u00edaz.<\/p>\n\n\n\n<p><\/p>\n\n\n\n<figure class=\"wp-block-image size-large\"><img loading=\"lazy\" decoding=\"async\" width=\"1024\" height=\"682\" src=\"https:\/\/partediario.com.ar\/wp-content\/uploads\/1722959014_b0b78402114eafc3f19e-1024x682.jpg\" alt=\"\" class=\"wp-image-5644\" srcset=\"https:\/\/partediario.com.ar\/wp-content\/uploads\/1722959014_b0b78402114eafc3f19e-1024x682.jpg 1024w, https:\/\/partediario.com.ar\/wp-content\/uploads\/1722959014_b0b78402114eafc3f19e-300x200.jpg 300w, https:\/\/partediario.com.ar\/wp-content\/uploads\/1722959014_b0b78402114eafc3f19e-768x512.jpg 768w, https:\/\/partediario.com.ar\/wp-content\/uploads\/1722959014_b0b78402114eafc3f19e.jpg 1280w\" sizes=\"auto, (max-width: 1024px) 100vw, 1024px\" \/><\/figure>\n\n\n\n<p><\/p>\n\n\n\n<p><strong>\u00bfQu\u00e9 traen los kits?<\/strong><\/p>\n\n\n\n<p>El kit de primaria sale 10.270,40 pesos y trae l\u00e1piz grafito Filgo pinto (resina hb nro. dos); goma l\u00e1piz blanca Katana escolar; adhesivo vinilico Sta (x 30 grs); tijera escolar 13 c, Ibi (punta redonda); l\u00e1pices color Filgo pinto (largos x 12 u); papel glac\u00e9 lustre (sobre mil 28 x 10 hojas); plastilina Alba M\u00e1gic (surtidas); sacapuntas escolar (pl\u00e1stico un cuch); canopla chata transparente Ne\u00f3n (frases c\/cierre); bolsa friselina Manija (ri\u00f1on 30&#215;40 blanca); etiquetas autoadh escolares Violetta (x plancha x seis).<\/p>\n\n\n\n<p>El kit de secundaria cuesta 12.844,90 pesos y trae l\u00e1piz grafito Filgo pinto (resina hb nro. Dos); bol\u00edgrafo Filgo (stick negro); bol\u00edgrafo Filgo (stick azul); l\u00e1piz corrector Ibi; set de geometr\u00eda 20 cm Geo Cristal (tres unidades); cuaderno A4 c\/espiral Am\u00e9rica Terra (80 hojas rayadas); rep escolar nro. Tres Am\u00e9rica (rayado 48 hojas); canopla chata transparente Ne\u00f3n (frases c\/cierre); carpeta escolar (3A negra); resaltador Trabi Texting (amarillo); marcadores escolares Filgo (por diez colores).<\/p>\n\n\n\n<p><\/p>\n\n\n\n<figure class=\"wp-block-embed is-type-video is-provider-youtube wp-block-embed-youtube wp-embed-aspect-16-9 wp-has-aspect-ratio\"><div class=\"wp-block-embed__wrapper\">\n<iframe loading=\"lazy\" title=\"Comenz\u00f3 un nuevo recorrido de la Feria en tu Barrio con el especial Vuelta a Clases\" width=\"640\" height=\"360\" src=\"https:\/\/www.youtube.com\/embed\/TxSD7C_cIwA?feature=oembed\" frameborder=\"0\" allow=\"accelerometer; autoplay; clipboard-write; encrypted-media; gyroscope; picture-in-picture; web-share\" referrerpolicy=\"strict-origin-when-cross-origin\" allowfullscreen><\/iframe>\n<\/div><\/figure>\n","protected":false},"excerpt":{"rendered":"<p>La iniciativa de la Municipalidad estuvo este martes en la Escuela Hogar con kits para primaria y secundaria, indumentaria y otros elementos confeccionados por cooperativas de la ciudad. Continuar&aacute; este viernes 9 de agosto en la plaza Eva Per&oacute;n de San Agust&iacute;n y el s&aacute;bado 10 en la plaza Espa&ntilde;a de barrio Rocamora, ambas jornadas [&hellip;]<\/p>\n","protected":false},"author":2,"featured_media":5645,"comment_status":"open","ping_status":"open","sticky":false,"template":"","format":"standard","meta":{"footnotes":""},"categories":[6,726],"tags":[627,210,265,2360,2359],"class_list":["post-5643","post","type-post","status-publish","format-standard","has-post-thumbnail","hentry","category-locales","category-sociedad","tag-feria","tag-municipalidad","tag-parana","tag-silvia-garcia","tag-vuelta-a-clases"],"_links":{"self":[{"href":"https:\/\/partediario.com.ar\/index.php?rest_route=\/wp\/v2\/posts\/5643","targetHints":{"allow":["GET"]}}],"collection":[{"href":"https:\/\/partediario.com.ar\/index.php?rest_route=\/wp\/v2\/posts"}],"about":[{"href":"https:\/\/partediario.com.ar\/index.php?rest_route=\/wp\/v2\/types\/post"}],"author":[{"embeddable":true,"href":"https:\/\/partediario.com.ar\/index.php?rest_route=\/wp\/v2\/users\/2"}],"replies":[{"embeddable":true,"href":"https:\/\/partediario.com.ar\/index.php?rest_route=%2Fwp%2Fv2%2Fcomments&post=5643"}],"version-history":[{"count":1,"href":"https:\/\/partediario.com.ar\/index.php?rest_route=\/wp\/v2\/posts\/5643\/revisions"}],"predecessor-version":[{"id":5646,"href":"https:\/\/partediario.com.ar\/index.php?rest_route=\/wp\/v2\/posts\/5643\/revisions\/5646"}],"wp:featuredmedia":[{"embeddable":true,"href":"https:\/\/partediario.com.ar\/index.php?rest_route=\/wp\/v2\/media\/5645"}],"wp:attachment":[{"href":"https:\/\/partediario.com.ar\/index.php?rest_route=%2Fwp%2Fv2%2Fmedia&parent=5643"}],"wp:term":[{"taxonomy":"category","embeddable":true,"href":"https:\/\/partediario.com.ar\/index.php?rest_route=%2Fwp%2Fv2%2Fcategories&post=5643"},{"taxonomy":"post_tag","embeddable":true,"href":"https:\/\/partediario.com.ar\/index.php?rest_route=%2Fwp%2Fv2%2Ftags&post=5643"}],"curies":[{"name":"wp","href":"https:\/\/api.w.org\/{rel}","templated":true}]}}