{"id":5663,"date":"2024-08-07T20:14:07","date_gmt":"2024-08-07T23:14:07","guid":{"rendered":"https:\/\/partediario.com.ar\/?p=5663"},"modified":"2024-08-07T20:14:08","modified_gmt":"2024-08-07T23:14:08","slug":"condenaron-a-guillermo-moreno-a-tres-anos-de-carcel-por-manipulacion-de-estadisticas-oficiales-del-indec","status":"publish","type":"post","link":"https:\/\/partediario.com.ar\/?p=5663","title":{"rendered":"Condenaron a Guillermo Moreno a tres a\u00f1os de c\u00e1rcel por manipulaci\u00f3n de estad\u00edsticas oficiales del Indec"},"content":{"rendered":"\n<p><strong>El ex secretario de Comercio de la Naci\u00f3n, Guillermo Moreno, fue condenado a tres a\u00f1os de prisi\u00f3n por manipulaci\u00f3n de datos p\u00fablicos del Instituto Nacional de Estad\u00edstica y Censos (Indec) durante 2006 y 2007.<\/strong><\/p>\n\n\n\n<p>La condena se dio a conocer este mi\u00e9rcoles cercade las 18.30 y fue emitida por el Tribunal Oral Federal N\u00b02 (TOF2) a la que adem\u00e1s se adicion\u00f3 la inhabilitaci\u00f3n para a ocupar cargos p\u00fablicos al considerarlo responsable de la informaci\u00f3n sobre estad\u00edsticas que realizaba el organismo, como los \u00edndices de inflaci\u00f3n y del PBI (Producto Bruto Interno).<\/p>\n\n\n\n<p>El fiscal Diego Luciani hab\u00eda pedido cuatro a\u00f1os de prisi\u00f3n y diez de inhabilitaci\u00f3n para ejercer cargos p\u00fablicos. La defensa solicit\u00f3 su absoluci\u00f3n. En el legajo adem\u00e1s fue condenada Beatriz Paglieri, ex directora de \u00cdndices de Precio de Consumo (IPC), con una pena similar a la de Moreno; tambi\u00e9n fueron inculpadas dos ex empleadas del Indec, Marcela Filia y Mar\u00eda Celeste C\u00e1mpora Avellaneda.<\/p>\n\n\n\n<p>En declaraciones a los medios de comunicaci\u00f3n Moreno hizo referencia a lo que \u00e9l cree no tiene que ver con una condena vinculada a la manipulaci\u00f3n estad\u00edstica: \u201cNos condenaron por abuso de autoridad y destrucci\u00f3n de instrumento p\u00fablico, pero de las estad\u00edsticas, que ser\u00eda falsedad ideol\u00f3gica, no, nada. \u00bfC\u00f3mo se instrumenta en el C\u00f3digo Penal que vos falseaste las estad\u00edsticas? Que eso es falsedad ideol\u00f3gica, hay un dato y vos pon\u00e9s otro\u201d, manifest\u00f3 el ex funcionario.<\/p>\n\n\n\n<p>Y agreg\u00f3 que \u00ablo que est\u00e1 diciendo la justicia es que las estad\u00edsticas de la d\u00e9cada ganada, a partir de este momento, son las estad\u00edsticas de la d\u00e9cada ganada y se termin\u00f3 el debate\u201d.<\/p>\n","protected":false},"excerpt":{"rendered":"<p>El ex secretario de Comercio de la Naci&oacute;n, Guillermo Moreno, fue condenado a tres a&ntilde;os de prisi&oacute;n por manipulaci&oacute;n de datos p&uacute;blicos del Instituto Nacional de Estad&iacute;stica y Censos (Indec) durante 2006 y 2007. La condena se dio a conocer este mi&eacute;rcoles cercade las 18.30 y fue emitida por el Tribunal Oral Federal N&deg;2 (TOF2) [&hellip;]<\/p>\n","protected":false},"author":2,"featured_media":5664,"comment_status":"open","ping_status":"open","sticky":false,"template":"","format":"standard","meta":{"footnotes":""},"categories":[979,5],"tags":[2370,2368,320],"class_list":["post-5663","post","type-post","status-publish","format-standard","has-post-thumbnail","hentry","category-judiciales","category-nacionales","tag-condenado","tag-guillermo-moreno","tag-indec"],"_links":{"self":[{"href":"https:\/\/partediario.com.ar\/index.php?rest_route=\/wp\/v2\/posts\/5663","targetHints":{"allow":["GET"]}}],"collection":[{"href":"https:\/\/partediario.com.ar\/index.php?rest_route=\/wp\/v2\/posts"}],"about":[{"href":"https:\/\/partediario.com.ar\/index.php?rest_route=\/wp\/v2\/types\/post"}],"author":[{"embeddable":true,"href":"https:\/\/partediario.com.ar\/index.php?rest_route=\/wp\/v2\/users\/2"}],"replies":[{"embeddable":true,"href":"https:\/\/partediario.com.ar\/index.php?rest_route=%2Fwp%2Fv2%2Fcomments&post=5663"}],"version-history":[{"count":1,"href":"https:\/\/partediario.com.ar\/index.php?rest_route=\/wp\/v2\/posts\/5663\/revisions"}],"predecessor-version":[{"id":5665,"href":"https:\/\/partediario.com.ar\/index.php?rest_route=\/wp\/v2\/posts\/5663\/revisions\/5665"}],"wp:featuredmedia":[{"embeddable":true,"href":"https:\/\/partediario.com.ar\/index.php?rest_route=\/wp\/v2\/media\/5664"}],"wp:attachment":[{"href":"https:\/\/partediario.com.ar\/index.php?rest_route=%2Fwp%2Fv2%2Fmedia&parent=5663"}],"wp:term":[{"taxonomy":"category","embeddable":true,"href":"https:\/\/partediario.com.ar\/index.php?rest_route=%2Fwp%2Fv2%2Fcategories&post=5663"},{"taxonomy":"post_tag","embeddable":true,"href":"https:\/\/partediario.com.ar\/index.php?rest_route=%2Fwp%2Fv2%2Ftags&post=5663"}],"curies":[{"name":"wp","href":"https:\/\/api.w.org\/{rel}","templated":true}]}}