{"id":5682,"date":"2024-08-08T11:06:23","date_gmt":"2024-08-08T14:06:23","guid":{"rendered":"https:\/\/partediario.com.ar\/?p=5682"},"modified":"2024-08-08T11:06:23","modified_gmt":"2024-08-08T14:06:23","slug":"juegos-olimpicos-majdalani-y-bosco-obtuvieron-la-medalla-plateada-en-vela","status":"publish","type":"post","link":"https:\/\/partediario.com.ar\/?p=5682","title":{"rendered":"Juegos Ol\u00edmpicos: Majdalani y Bosco obtuvieron la medalla plateada en vela"},"content":{"rendered":"\n<p><strong>La pareja argentina se qued\u00f3 con la presea en la categor\u00eda Nacra 17 en la Medal Race, en los Juegos Ol\u00edmpicos, Francia 2024.<\/strong><\/p>\n\n\n\n<p>A pesar de terminar s\u00e9ptimos en la Medal Race, Mateo Majdalani y Eugenia Bosco finalizaron segundos en la tabla general de la categor\u00eda Nacra 17 en Vela de los Juegos Ol\u00edmpicos Par\u00eds 2024. La pareja de argentinos hizo historia y le dio la segunda presea a la delegaci\u00f3n albiceleste.<\/p>\n\n\n\n<p><\/p>\n\n\n\n<figure class=\"wp-block-image size-full\"><img loading=\"lazy\" decoding=\"async\" width=\"614\" height=\"350\" src=\"https:\/\/partediario.com.ar\/wp-content\/uploads\/s_ceec6b54dc91a723a373d3bca.jpg\" alt=\"\" class=\"wp-image-5683\" srcset=\"https:\/\/partediario.com.ar\/wp-content\/uploads\/s_ceec6b54dc91a723a373d3bca.jpg 614w, https:\/\/partediario.com.ar\/wp-content\/uploads\/s_ceec6b54dc91a723a373d3bca-300x171.jpg 300w\" sizes=\"auto, (max-width: 614px) 100vw, 614px\" \/><\/figure>\n\n\n\n<p><\/p>\n\n\n\n<p>Majdalani y Bosco la pelearon desde atr\u00e1s, ya que pegaron la vuelta apenas empez\u00f3 la carrera porque una bandera marc\u00f3 que una embarcaci\u00f3n arranc\u00f3 pasada y prefirieron prevenir la descalificaci\u00f3n.<\/p>\n\n\n\n<p>Finalmente, se conoci\u00f3 que la embarcaci\u00f3n que arranc\u00f3 pasada fue la de Gran Breta\u00f1a, y fue descalificada.<\/p>\n\n\n\n<p>A partir de entonces, los argentinos mantuvieron una pelea muy de cerca con los neozelandeses y al terminar una posici\u00f3n por delante de ellos se aseguraron la medalla de plata.<\/p>\n","protected":false},"excerpt":{"rendered":"<p>La pareja argentina se qued&oacute; con la presea en la categor&iacute;a Nacra 17 en la Medal Race, en los Juegos Ol&iacute;mpicos, Francia 2024. A pesar de terminar s&eacute;ptimos en la Medal Race, Mateo Majdalani y Eugenia Bosco finalizaron segundos en la tabla general de la categor&iacute;a Nacra 17 en Vela de los Juegos Ol&iacute;mpicos Par&iacute;s [&hellip;]<\/p>\n","protected":false},"author":2,"featured_media":5684,"comment_status":"open","ping_status":"open","sticky":false,"template":"","format":"standard","meta":{"footnotes":""},"categories":[4,5],"tags":[2382,2002,2381,2160,2380],"class_list":["post-5682","post","type-post","status-publish","format-standard","has-post-thumbnail","hentry","category-deportes","category-nacionales","tag-bosco","tag-juegos-olimpicos","tag-majdalani","tag-medalla","tag-vela"],"_links":{"self":[{"href":"https:\/\/partediario.com.ar\/index.php?rest_route=\/wp\/v2\/posts\/5682","targetHints":{"allow":["GET"]}}],"collection":[{"href":"https:\/\/partediario.com.ar\/index.php?rest_route=\/wp\/v2\/posts"}],"about":[{"href":"https:\/\/partediario.com.ar\/index.php?rest_route=\/wp\/v2\/types\/post"}],"author":[{"embeddable":true,"href":"https:\/\/partediario.com.ar\/index.php?rest_route=\/wp\/v2\/users\/2"}],"replies":[{"embeddable":true,"href":"https:\/\/partediario.com.ar\/index.php?rest_route=%2Fwp%2Fv2%2Fcomments&post=5682"}],"version-history":[{"count":1,"href":"https:\/\/partediario.com.ar\/index.php?rest_route=\/wp\/v2\/posts\/5682\/revisions"}],"predecessor-version":[{"id":5685,"href":"https:\/\/partediario.com.ar\/index.php?rest_route=\/wp\/v2\/posts\/5682\/revisions\/5685"}],"wp:featuredmedia":[{"embeddable":true,"href":"https:\/\/partediario.com.ar\/index.php?rest_route=\/wp\/v2\/media\/5684"}],"wp:attachment":[{"href":"https:\/\/partediario.com.ar\/index.php?rest_route=%2Fwp%2Fv2%2Fmedia&parent=5682"}],"wp:term":[{"taxonomy":"category","embeddable":true,"href":"https:\/\/partediario.com.ar\/index.php?rest_route=%2Fwp%2Fv2%2Fcategories&post=5682"},{"taxonomy":"post_tag","embeddable":true,"href":"https:\/\/partediario.com.ar\/index.php?rest_route=%2Fwp%2Fv2%2Ftags&post=5682"}],"curies":[{"name":"wp","href":"https:\/\/api.w.org\/{rel}","templated":true}]}}