{"id":5722,"date":"2024-08-08T18:06:17","date_gmt":"2024-08-08T21:06:17","guid":{"rendered":"https:\/\/partediario.com.ar\/?p=5722"},"modified":"2024-08-08T18:06:18","modified_gmt":"2024-08-08T21:06:18","slug":"fabiola-yanez-ya-tiene-abogada-para-accionar-judicialmente-contra-alberto-fernandez","status":"publish","type":"post","link":"https:\/\/partediario.com.ar\/?p=5722","title":{"rendered":"Fabiola Ya\u00f1ez ya tiene abogada para accionar judicialmente contra Alberto Fern\u00e1ndez"},"content":{"rendered":"\n<p><strong>La ex primera dama avanz\u00f3 de cara al conflicto judicial que mantiene con Fern\u00e1ndez tras su denuncia por violencia de g\u00e9nero.<\/strong><\/p>\n\n\n\n<p>Tras denunciar al expresidente Alberto Fern\u00e1ndez por violencia de g\u00e9nero ante el juez federal Juli\u00e1n Ercolini y ponerse en contacto con el fiscal Carlos R\u00edvolo, Fabiola Ya\u00f1ez dio un giro de 360 grados, en la causa y tom\u00f3 una decisi\u00f3n determinante de cara a lo que se viene en materia judicial.<\/p>\n\n\n\n<p>La ex primera dama era representada legalmente por Juan Pablo Fioribello (fue denunciado ante el Tribunal de Disciplina del Colegio de Abogados de CABA) hasta hace unas horas atr\u00e1s. De acuerdo a algunas fuentes, el raid medi\u00e1tico en el que se vio envuelto el abogado tras la explosi\u00f3n del esc\u00e1ndalo, hizo que la ex primera dama se replanteara la estrategia contra Alberto Fern\u00e1ndez y decidi\u00f3 hacer un cambio en su representaci\u00f3n legal.<\/p>\n\n\n\n<p>A partir de este momento, la expareja de Alberto Fern\u00e1ndez ser\u00e1 representada por Mariana Gallego, una abogada especializada en Derecho de Familia que tiene su propio bufet de abogados, desde donde se\u00f1alan que son expertos en \u00abDa\u00f1os y Perjuicios, Amparos de Salud, Medidas preventivas de da\u00f1os (\u00abBozal legal\u00bb), Derecho de Imagen\u00bb.<\/p>\n\n\n\n<p>En la presentaci\u00f3n de la p\u00e1gina web del estudio, se destaca un texto que reza: \u00abTrabajamos codo a codo con profesionales de distintas disciplinas (psic\u00f3logos, trabajadores sociales, psiquiatras), que colaboran t\u00e9cnicamente con la tramitaci\u00f3n de los procesos y el logro de objetivos. Acompa\u00f1amos al cliente no s\u00f3lo desde lo jur\u00eddico sino tambi\u00e9n desde lo emocional, porque entendemos lo dif\u00edcil que resulta lidiar con un conflicto en el \u00e1mbito familiar\u00bb.<\/p>\n\n\n\n<p>Mariana Gallego es la pareja del tambi\u00e9n abogado, panelista y exdiputado de la provincia de Buenos Aires por el PRO, Mauricio D&#8217;Alessandro, recordado por muchos por el programa televisivo \u00abLa Corte\u00bb que fue emitido por Am\u00e9rica en el a\u00f1o 2022.<\/p>\n","protected":false},"excerpt":{"rendered":"<p>La ex primera dama avanz&oacute; de cara al conflicto judicial que mantiene con Fern&aacute;ndez tras su denuncia por violencia de g&eacute;nero. Tras denunciar al expresidente Alberto Fern&aacute;ndez por violencia de g&eacute;nero ante el juez federal Juli&aacute;n Ercolini y ponerse en contacto con el fiscal Carlos R&iacute;volo, Fabiola Ya&ntilde;ez dio un giro de 360 grados, en [&hellip;]<\/p>\n","protected":false},"author":2,"featured_media":5723,"comment_status":"open","ping_status":"open","sticky":false,"template":"","format":"standard","meta":{"footnotes":""},"categories":[979,5,176],"tags":[517,2324,2411,2412],"class_list":["post-5722","post","type-post","status-publish","format-standard","has-post-thumbnail","hentry","category-judiciales","category-nacionales","category-politica","tag-alberto-fernandez","tag-fabiola-yanez","tag-mariana-gallego","tag-mauricio-dalessandro"],"_links":{"self":[{"href":"https:\/\/partediario.com.ar\/index.php?rest_route=\/wp\/v2\/posts\/5722","targetHints":{"allow":["GET"]}}],"collection":[{"href":"https:\/\/partediario.com.ar\/index.php?rest_route=\/wp\/v2\/posts"}],"about":[{"href":"https:\/\/partediario.com.ar\/index.php?rest_route=\/wp\/v2\/types\/post"}],"author":[{"embeddable":true,"href":"https:\/\/partediario.com.ar\/index.php?rest_route=\/wp\/v2\/users\/2"}],"replies":[{"embeddable":true,"href":"https:\/\/partediario.com.ar\/index.php?rest_route=%2Fwp%2Fv2%2Fcomments&post=5722"}],"version-history":[{"count":1,"href":"https:\/\/partediario.com.ar\/index.php?rest_route=\/wp\/v2\/posts\/5722\/revisions"}],"predecessor-version":[{"id":5724,"href":"https:\/\/partediario.com.ar\/index.php?rest_route=\/wp\/v2\/posts\/5722\/revisions\/5724"}],"wp:featuredmedia":[{"embeddable":true,"href":"https:\/\/partediario.com.ar\/index.php?rest_route=\/wp\/v2\/media\/5723"}],"wp:attachment":[{"href":"https:\/\/partediario.com.ar\/index.php?rest_route=%2Fwp%2Fv2%2Fmedia&parent=5722"}],"wp:term":[{"taxonomy":"category","embeddable":true,"href":"https:\/\/partediario.com.ar\/index.php?rest_route=%2Fwp%2Fv2%2Fcategories&post=5722"},{"taxonomy":"post_tag","embeddable":true,"href":"https:\/\/partediario.com.ar\/index.php?rest_route=%2Fwp%2Fv2%2Ftags&post=5722"}],"curies":[{"name":"wp","href":"https:\/\/api.w.org\/{rel}","templated":true}]}}