{"id":5725,"date":"2024-08-08T18:13:23","date_gmt":"2024-08-08T21:13:23","guid":{"rendered":"https:\/\/partediario.com.ar\/?p=5725"},"modified":"2024-08-08T18:13:52","modified_gmt":"2024-08-08T21:13:52","slug":"javier-milei-fue-recibido-en-vaca-muerta","status":"publish","type":"post","link":"https:\/\/partediario.com.ar\/?p=5725","title":{"rendered":"Javier Milei fue recibido en Vaca Muerta"},"content":{"rendered":"\n<h3 class=\"wp-block-heading\">El presidente Javier Milei viaj\u00f3 este jueves a la provincia de Neuqu\u00e9n, donde fue recibido por el gobernador local, Rolando Figueroa, quien le entreg\u00f3 un acta de residente ilustre y un cuchillo labrado a modo de obsequio.<\/h3>\n\n\n\n<p>El presidente parti\u00f3 rumbo a la Patagonia esta ma\u00f1ana a las 7.25 junto a la secretaria general de la Presidencia, Karina Milei; el jefe de Gabinete, Guillermo Francos; el titular de YPF, Horacio Mar\u00edn; el secretario de Recursos Naturales, Daniel Gonz\u00e1lez Casartelli; y el vocero presidencial, Manuel Adorni.<\/p>\n\n\n\n<p>Cerca de las 9, la delegaci\u00f3n presidencial desembarc\u00f3 en territorio patag\u00f3nico, en el Aeropuerto Internacional Juan Domingo Per\u00f3n, para luego emprender un nuevo vuelo en helic\u00f3ptero hacia Loma Campana, junto al gobernador Rolando Figueroa, uno de los 18 que firmaron el Pacto de Mayo en Tucum\u00e1n.<\/p>\n\n\n\n<p><\/p>\n\n\n\n<figure class=\"wp-block-image size-full\"><img loading=\"lazy\" decoding=\"async\" width=\"730\" height=\"548\" src=\"https:\/\/partediario.com.ar\/wp-content\/uploads\/javier-milei-vaca-muerta-ypf.webp\" alt=\"\" class=\"wp-image-5726\" srcset=\"https:\/\/partediario.com.ar\/wp-content\/uploads\/javier-milei-vaca-muerta-ypf.webp 730w, https:\/\/partediario.com.ar\/wp-content\/uploads\/javier-milei-vaca-muerta-ypf-300x225.webp 300w\" sizes=\"auto, (max-width: 730px) 100vw, 730px\" \/><\/figure>\n\n\n\n<p><\/p>\n\n\n\n<p>\u00abTrabajar por el progreso de Neuqu\u00e9n y de la Patria. Recibimos en Neuqu\u00e9n al presidente de la Naci\u00f3n, Javier Milei. Siempre es un honor contar con un jefe de Estado en nuestra provincia. Nuestro compromiso es el de trabajar, desde el di\u00e1logo, para el progreso del pa\u00eds\u00bb, se\u00f1al\u00f3 Figueroa en redes sociales.<\/p>\n\n\n\n<p>En el trayecto hacia Loma Campana, Milei sobrevol\u00f3 los yacimientos de Vaca Muerta, acompa\u00f1ado por Figueroa y su comitiva, y visit\u00f3 las oficinas centrales de YPF, ubicadas en el acceso norte de la ciudad capital.<\/p>\n\n\n\n<p>En el lugar, el jefe de Estado, en compa\u00f1\u00eda del jefe y el vicejefe de Gabinete, Jos\u00e9 Rolandi, mantuvo un encuentro con representantes de las principales empresas operadoras: CGC, Chevron, ExxonMobil, PAE, Pampa Energ\u00eda, Pluspetrol, Tecpetrol, Total Energies, Shell, Vista, YPF, Aconcagua y PAE.<\/p>\n\n\n\n<p>La visita del mandatario por el campo petrol\u00edfero se da tras el anuncio de la mega inversi\u00f3n de YPF y Petronas para la construcci\u00f3n de una planta de GNL en Sierra Grande, R\u00edo Negro, luego de haberle quitado esa inversi\u00f3n a la provincia de Buenos Aires, por cuestiones pol\u00edticas e ideol\u00f3gicas.<\/p>\n\n\n\n<p>Seg\u00fan se comunic\u00f3, Milei tambi\u00e9n tiene previsto este jueves una recorrida por las instalaciones de la planta de gas de Tratay\u00e9n, donde nace el Gasoducto N\u00e9stor Kirchner, cuyas obras de continuidad el Gobierno decidi\u00f3 paralizar, y luego viajar\u00e1 desde el Aeropuerto Internacional de la provincia de Neuqu\u00e9n rumbo a Santiago de Chile.<\/p>\n\n\n\n<p>En el Aeropuerto Internacional Arturo Merino Ben\u00edtez esperar\u00e1 a la delegaci\u00f3n el embajador ante la Rep\u00fablica de Chile, Jorge Faurie.<\/p>\n\n\n\n<p>Tras el desembarco, la delegaci\u00f3n presidencial har\u00e1 base en un hotel del centro y por la tarde dar\u00e1 el presente el acto conmemorativo del primer TCF (Trillion Cubic Feet) de gas natural transportado de Argentina a Chile a trav\u00e9s del gasoducto. All\u00ed Milei tomar\u00e1 la palabra a las 19.40 y brindar\u00e1 un breve discurso.<\/p>\n\n\n\n<p>A pesar de los intentos y las versiones cruzadas, el presidente chileno Gabriel Boric no estar\u00e1 presente en el acto por compromisos en agenda que deber\u00e1 atender. De este modo, el cruce entre ambos jefes de Estado deber\u00e1 posponerse. En su lugar, participar\u00e1 un funcionario de la administraci\u00f3n chilena.<\/p>\n\n\n\n<p>La delegaci\u00f3n presidencial tiene previsto retornar a la ciudad de Buenos Aires a las 21.<\/p>\n","protected":false},"excerpt":{"rendered":"<p>El presidente Javier Milei viaj&oacute; este jueves a la provincia de Neuqu&eacute;n, donde fue recibido por el gobernador local, Rolando Figueroa, quien le entreg&oacute; un acta de residente ilustre y un cuchillo labrado a modo de obsequio. El presidente parti&oacute; rumbo a la Patagonia esta ma&ntilde;ana a las 7.25 junto a la secretaria general de [&hellip;]<\/p>\n","protected":false},"author":2,"featured_media":5727,"comment_status":"open","ping_status":"open","sticky":false,"template":"","format":"standard","meta":{"footnotes":""},"categories":[5,176],"tags":[2415,329,2414,232,263,646,2413,2246,996],"class_list":["post-5725","post","type-post","status-publish","format-standard","has-post-thumbnail","hentry","category-nacionales","category-politica","tag-daniel-gonzalez-casatelli","tag-guillermo-francos","tag-horacio-marin","tag-javier-milei","tag-karina-milei","tag-manuel-adorni","tag-rolando-figueroa","tag-vaca-muerta","tag-visita"],"_links":{"self":[{"href":"https:\/\/partediario.com.ar\/index.php?rest_route=\/wp\/v2\/posts\/5725","targetHints":{"allow":["GET"]}}],"collection":[{"href":"https:\/\/partediario.com.ar\/index.php?rest_route=\/wp\/v2\/posts"}],"about":[{"href":"https:\/\/partediario.com.ar\/index.php?rest_route=\/wp\/v2\/types\/post"}],"author":[{"embeddable":true,"href":"https:\/\/partediario.com.ar\/index.php?rest_route=\/wp\/v2\/users\/2"}],"replies":[{"embeddable":true,"href":"https:\/\/partediario.com.ar\/index.php?rest_route=%2Fwp%2Fv2%2Fcomments&post=5725"}],"version-history":[{"count":1,"href":"https:\/\/partediario.com.ar\/index.php?rest_route=\/wp\/v2\/posts\/5725\/revisions"}],"predecessor-version":[{"id":5728,"href":"https:\/\/partediario.com.ar\/index.php?rest_route=\/wp\/v2\/posts\/5725\/revisions\/5728"}],"wp:featuredmedia":[{"embeddable":true,"href":"https:\/\/partediario.com.ar\/index.php?rest_route=\/wp\/v2\/media\/5727"}],"wp:attachment":[{"href":"https:\/\/partediario.com.ar\/index.php?rest_route=%2Fwp%2Fv2%2Fmedia&parent=5725"}],"wp:term":[{"taxonomy":"category","embeddable":true,"href":"https:\/\/partediario.com.ar\/index.php?rest_route=%2Fwp%2Fv2%2Fcategories&post=5725"},{"taxonomy":"post_tag","embeddable":true,"href":"https:\/\/partediario.com.ar\/index.php?rest_route=%2Fwp%2Fv2%2Ftags&post=5725"}],"curies":[{"name":"wp","href":"https:\/\/api.w.org\/{rel}","templated":true}]}}