{"id":5734,"date":"2024-08-08T23:34:11","date_gmt":"2024-08-09T02:34:11","guid":{"rendered":"https:\/\/partediario.com.ar\/?p=5734"},"modified":"2024-08-08T23:34:12","modified_gmt":"2024-08-09T02:34:12","slug":"se-filtro-un-video-de-alberto-fernandez-con-tamara-pettinato-tomando-alcohol-en-casa-rosada","status":"publish","type":"post","link":"https:\/\/partediario.com.ar\/?p=5734","title":{"rendered":"Se filtr\u00f3 un video de Alberto Fern\u00e1ndez con Tamara Pettinato tomando alcohol en Casa Rosada"},"content":{"rendered":"\n<h3 class=\"wp-block-heading\">En el registro audiovisual, se puede ver a la conductora sentada en un sill\u00f3n, sosteniendo un vaso con cerveza, mientras conversa con el entonces presidente. Entre risas y muestras de cari\u00f1o se dicen \u201cte amo\u201d.<\/h3>\n\n\n\n<p>Un video que muestra a Tamara Pettinato en una de sus visitas a la Casa Rosada durante la presidencia de Alberto Fern\u00e1ndez sali\u00f3 a la luz en las \u00faltimas horas. La pol\u00e9mica filmaci\u00f3n se viraliza en medio de las denuncias por violencia de g\u00e9nero que radic\u00f3 la exprimera dama, Fabiola Ya\u00f1ez.<\/p>\n\n\n\n<p><\/p>\n\n\n\n<p><\/p>\n\n\n\n<figure class=\"wp-block-embed is-type-video is-provider-youtube wp-block-embed-youtube wp-embed-aspect-16-9 wp-has-aspect-ratio\"><div class=\"wp-block-embed__wrapper\">\n<iframe loading=\"lazy\" title=\"Pol\u00e9mico video en el despacho presidencial de Alberto Fern\u00e1ndez con Tamara Pettinato\" width=\"640\" height=\"360\" src=\"https:\/\/www.youtube.com\/embed\/9ox1ZWKpM_Y?feature=oembed\" frameborder=\"0\" allow=\"accelerometer; autoplay; clipboard-write; encrypted-media; gyroscope; picture-in-picture; web-share\" referrerpolicy=\"strict-origin-when-cross-origin\" allowfullscreen><\/iframe>\n<\/div><\/figure>\n\n\n\n<p>En el material audiovisual, se puede ver a la conductora sentada en un sill\u00f3n, sosteniendo un vaso con cerveza, mientras conversa con el entonces presidente. Entre risas y muestras de cari\u00f1o se dicen \u201cte amo\u201d.<\/p>\n\n\n\n<p>\u201cEstamos brindando porque hoy estamos cortando nuestra relaci\u00f3n de amistad de hace muchos a\u00f1os\u201d, bromea Pettinato en el video, mientras se escucha la voz de Fern\u00e1ndez respondiendo: \u201cCuando te termines de emborrachar con la cerveza quiero que me digas algo lindo\u201d, A lo que la conductora le contesta: \u201cYo te quiero un mont\u00f3n, y siempre te voy a querer, y nunca m\u00e1s te voy a votar\u201d. Antes de finalizar, la conductora cierra el video con un \u201cte amo\u201d, y el exmandatario le dice: \u201cYo a vos\u201d.<\/p>\n\n\n\n<p>Si bien este video, difundido por \u00bfLa ves?, no precisa la fecha en la que fue grabado y tampoco se hizo desde la Quinta de Olivos, se suma a la lista de pol\u00e9micas que se dieron a partir de los registros de visitas a la residencia presidencial en 2020, cuando el pa\u00eds estaba bajo un estricto aislamiento.<\/p>\n\n\n\n<p>Entre los nombres que m\u00e1s llamaron la atenci\u00f3n en aquellos registros estaban los de la actriz Florencia Pe\u00f1a, la periodista \u00darsula Vargues, la funcionaria Sof\u00eda Pacchi y la propia Tamara Pettinato.<\/p>\n","protected":false},"excerpt":{"rendered":"<p>En el registro audiovisual, se puede ver a la conductora sentada en un sill&oacute;n, sosteniendo un vaso con cerveza, mientras conversa con el entonces presidente. Entre risas y muestras de cari&ntilde;o se dicen &ldquo;te amo&rdquo;. Un video que muestra a Tamara Pettinato en una de sus visitas a la Casa Rosada durante la presidencia de [&hellip;]<\/p>\n","protected":false},"author":2,"featured_media":5735,"comment_status":"open","ping_status":"open","sticky":false,"template":"","format":"standard","meta":{"footnotes":""},"categories":[5,176],"tags":[517,2422,1853,2421],"class_list":["post-5734","post","type-post","status-publish","format-standard","has-post-thumbnail","hentry","category-nacionales","category-politica","tag-alberto-fernandez","tag-alcohol","tag-casa-rosada","tag-tamara-pettinato"],"_links":{"self":[{"href":"https:\/\/partediario.com.ar\/index.php?rest_route=\/wp\/v2\/posts\/5734","targetHints":{"allow":["GET"]}}],"collection":[{"href":"https:\/\/partediario.com.ar\/index.php?rest_route=\/wp\/v2\/posts"}],"about":[{"href":"https:\/\/partediario.com.ar\/index.php?rest_route=\/wp\/v2\/types\/post"}],"author":[{"embeddable":true,"href":"https:\/\/partediario.com.ar\/index.php?rest_route=\/wp\/v2\/users\/2"}],"replies":[{"embeddable":true,"href":"https:\/\/partediario.com.ar\/index.php?rest_route=%2Fwp%2Fv2%2Fcomments&post=5734"}],"version-history":[{"count":1,"href":"https:\/\/partediario.com.ar\/index.php?rest_route=\/wp\/v2\/posts\/5734\/revisions"}],"predecessor-version":[{"id":5736,"href":"https:\/\/partediario.com.ar\/index.php?rest_route=\/wp\/v2\/posts\/5734\/revisions\/5736"}],"wp:featuredmedia":[{"embeddable":true,"href":"https:\/\/partediario.com.ar\/index.php?rest_route=\/wp\/v2\/media\/5735"}],"wp:attachment":[{"href":"https:\/\/partediario.com.ar\/index.php?rest_route=%2Fwp%2Fv2%2Fmedia&parent=5734"}],"wp:term":[{"taxonomy":"category","embeddable":true,"href":"https:\/\/partediario.com.ar\/index.php?rest_route=%2Fwp%2Fv2%2Fcategories&post=5734"},{"taxonomy":"post_tag","embeddable":true,"href":"https:\/\/partediario.com.ar\/index.php?rest_route=%2Fwp%2Fv2%2Ftags&post=5734"}],"curies":[{"name":"wp","href":"https:\/\/api.w.org\/{rel}","templated":true}]}}