{"id":5754,"date":"2024-08-09T10:26:32","date_gmt":"2024-08-09T13:26:32","guid":{"rendered":"https:\/\/partediario.com.ar\/?p=5754"},"modified":"2024-08-09T10:26:32","modified_gmt":"2024-08-09T13:26:32","slug":"hein-pondero-la-busqueda-de-consensos-para-la-reforma-electoral-impulsada-por-el-gobierno","status":"publish","type":"post","link":"https:\/\/partediario.com.ar\/?p=5754","title":{"rendered":"Hein ponder\u00f3 la b\u00fasqueda de consensos para la reforma electoral impulsada por el gobierno"},"content":{"rendered":"\n<h3 class=\"wp-block-heading\">\u201cEl proyecto llegar\u00e1 en breve a Diputados para que lo debatamos en comisi\u00f3n\u201d, expres\u00f3 el presidente de la C\u00e1mara tras participar del ciclo de debate sobre la reforma pol\u00edtica y electoral organizado por la UADER.<\/h3>\n\n\n\n<p>El presidente de la C\u00e1mara de Diputados, Gustavo Hein, particip\u00f3 este mi\u00e9rcoles del inicio del Ciclo de Debate \u201cNuevos escenarios de la democracia\u201d, un espacio para el di\u00e1logo y el intercambio en torno a la reforma pol\u00edtica electoral en Entre R\u00edos que impulsa el gobernador Rogelio Frigerio. La jornada se desarroll\u00f3 en el Centro Provincial de Convenciones de Paran\u00e1 y fue presentada por el rector de la Universidad Aut\u00f3noma de Entre R\u00edos (UADER), Luciano Filipuzzi.<\/p>\n\n\n\n<p>En la apertura, Frigerio se\u00f1al\u00f3 estar convencido de que en los comicios de 2027 se implementar\u00e1 la Boleta \u00danica de Papel, uno de los cambios centrales al sistema electoral que se impulsan. \u201cNo es una reforma personal, me preocup\u00e9 en que esto no tuviera un nombre propio, ni siquiera de un color partidario. Tiene que ser nuestra reforma, la reforma de los entrerrianos\u00bb, asegur\u00f3.<\/p>\n\n\n\n<p>\u201cComo lo ha dicho el gobernador, este ciclo de debate es clave para la nueva manera en que los entrerrianos vamos a disponer nuestro voto. Es parte de la columna vertebral de la gesti\u00f3n del gobernador\u201d, indic\u00f3 Hein.<\/p>\n\n\n\n<p>Y agreg\u00f3 que: \u201cEs importante ir abordando los matices y los puntos de vista que hay desde diferentes \u00e1reas, para poder llegar a un proyecto que no entre de una manera forzada, sino intentar lograr unanimidad de criterios, que es lo que buscamos todos\u201d.<\/p>\n\n\n\n<p>Se\u00f1al\u00f3 adem\u00e1s que: \u201cHay consensos sobre la boleta \u00fanica, se est\u00e1 trabajando en borradores, pero primero la idea era escuchar a los diferentes sectores, como la primera y segunda minor\u00eda. Pero se est\u00e1 trabajando y en breve ya estar\u00e1 llegando a la C\u00e1mara de Diputados para que lo podamos debatir en comisi\u00f3n\u201d.<\/p>\n\n\n\n<p>Disertaron tambi\u00e9n el ministro de Gobierno y Trabajo de la Provincia, Manuel Troncoso; la intendenta de Paran\u00e1 y exlegisladora, Rosario Romero; el exsecretario de Asuntos Pol\u00edticos e Institucionales de la Naci\u00f3n y exdiputado nacional, Adri\u00e1n P\u00e9rez, y la profesora de Derecho Constitucional en la Universidad Nacional del Litoral (UNL) Mariela Uberti.<\/p>\n","protected":false},"excerpt":{"rendered":"<p>&ldquo;El proyecto llegar&aacute; en breve a Diputados para que lo debatamos en comisi&oacute;n&rdquo;, expres&oacute; el presidente de la C&aacute;mara tras participar del ciclo de debate sobre la reforma pol&iacute;tica y electoral organizado por la UADER. El presidente de la C&aacute;mara de Diputados, Gustavo Hein, particip&oacute; este mi&eacute;rcoles del inicio del Ciclo de Debate &ldquo;Nuevos escenarios [&hellip;]<\/p>\n","protected":false},"author":2,"featured_media":5755,"comment_status":"open","ping_status":"open","sticky":false,"template":"","format":"standard","meta":{"footnotes":""},"categories":[176,8],"tags":[260,1778,1777],"class_list":["post-5754","post","type-post","status-publish","format-standard","has-post-thumbnail","hentry","category-politica","category-provinciales","tag-gustavo-hein","tag-politica","tag-reforma"],"_links":{"self":[{"href":"https:\/\/partediario.com.ar\/index.php?rest_route=\/wp\/v2\/posts\/5754","targetHints":{"allow":["GET"]}}],"collection":[{"href":"https:\/\/partediario.com.ar\/index.php?rest_route=\/wp\/v2\/posts"}],"about":[{"href":"https:\/\/partediario.com.ar\/index.php?rest_route=\/wp\/v2\/types\/post"}],"author":[{"embeddable":true,"href":"https:\/\/partediario.com.ar\/index.php?rest_route=\/wp\/v2\/users\/2"}],"replies":[{"embeddable":true,"href":"https:\/\/partediario.com.ar\/index.php?rest_route=%2Fwp%2Fv2%2Fcomments&post=5754"}],"version-history":[{"count":1,"href":"https:\/\/partediario.com.ar\/index.php?rest_route=\/wp\/v2\/posts\/5754\/revisions"}],"predecessor-version":[{"id":5756,"href":"https:\/\/partediario.com.ar\/index.php?rest_route=\/wp\/v2\/posts\/5754\/revisions\/5756"}],"wp:featuredmedia":[{"embeddable":true,"href":"https:\/\/partediario.com.ar\/index.php?rest_route=\/wp\/v2\/media\/5755"}],"wp:attachment":[{"href":"https:\/\/partediario.com.ar\/index.php?rest_route=%2Fwp%2Fv2%2Fmedia&parent=5754"}],"wp:term":[{"taxonomy":"category","embeddable":true,"href":"https:\/\/partediario.com.ar\/index.php?rest_route=%2Fwp%2Fv2%2Fcategories&post=5754"},{"taxonomy":"post_tag","embeddable":true,"href":"https:\/\/partediario.com.ar\/index.php?rest_route=%2Fwp%2Fv2%2Ftags&post=5754"}],"curies":[{"name":"wp","href":"https:\/\/api.w.org\/{rel}","templated":true}]}}