{"id":5823,"date":"2024-08-10T18:31:25","date_gmt":"2024-08-10T21:31:25","guid":{"rendered":"https:\/\/partediario.com.ar\/?p=5823"},"modified":"2024-08-10T18:58:31","modified_gmt":"2024-08-10T21:58:31","slug":"argentinos-juniors-repudio-a-alberto-fernandez-a-traves-de-un-comunicado","status":"publish","type":"post","link":"https:\/\/partediario.com.ar\/?p=5823","title":{"rendered":"Argentinos Juniors repudi\u00f3 a Alberto Fern\u00e1ndez a trav\u00e9s de un comunicado"},"content":{"rendered":"\n<h3 class=\"wp-block-heading\">El club Argentinos Juniors public\u00f3 hoy un comunicado en repudio a las acciones del ex presidente Alberto Fern\u00e1ndez en su denuncia por violencia de g\u00e9nero y qued\u00f3 a la espera de una resoluci\u00f3n judicial para retirarle su mote de \u201csocio honor\u00edfico\u201d del club de La Paternal.<\/h3>\n\n\n\n<p>\u201cDebido a los hechos de p\u00fablico conocimiento que involucran al ex Presidente de la Naci\u00f3n, quien adem\u00e1s es socio honorario de nuestra Instituci\u00f3n, reafirmamos nuestro compromiso con los valores que defendemos y repudiamos cualquier acto que atente contra la integridad y la vida de las mujeres\u201d, se\u00f1ala en su comunicado el club ante la denuncia sobre el ex presidente.<\/p>\n\n\n\n<p>Y a\u00f1ade: \u201cSubrayamos tambi\u00e9n la importancia de respetar a las personas en situaci\u00f3n de violencia y evitar cualquier forma de revictimizaci\u00f3n\u201d.<\/p>\n\n\n\n<p>\u201cEn todos los casos que involucren a socios y\/o socias de nuestra Instituci\u00f3n, acompa\u00f1amos lo que determine la justicia, reconociendo nuestra Constituci\u00f3n y los pactos a los que esta adhiere\u201d, argumentaron como resoluci\u00f3n para quitarle o no el carnet de socio a Fern\u00e1ndez.<\/p>\n\n\n\n<p>\u201cPara as\u00ed abordar el tema de la manera m\u00e1s efectiva y conforme a derecho, tomando las medidas acordes a lo establecido en el Protocolo de G\u00e9nero de la Asociaci\u00f3n Atl\u00e9tica Argentinos Juniors\u201d, indic\u00f3.<\/p>\n","protected":false},"excerpt":{"rendered":"<p>El club Argentinos Juniors public&oacute; hoy un comunicado en repudio a las acciones del ex presidente Alberto Fern&aacute;ndez en su denuncia por violencia de g&eacute;nero y qued&oacute; a la espera de una resoluci&oacute;n judicial para retirarle su mote de &ldquo;socio honor&iacute;fico&rdquo; del club de La Paternal. &ldquo;Debido a los hechos de p&uacute;blico conocimiento que involucran [&hellip;]<\/p>\n","protected":false},"author":2,"featured_media":5824,"comment_status":"open","ping_status":"open","sticky":false,"template":"","format":"standard","meta":{"footnotes":""},"categories":[4,979,5],"tags":[2461,2460,2462],"class_list":["post-5823","post","type-post","status-publish","format-standard","has-post-thumbnail","hentry","category-deportes","category-judiciales","category-nacionales","tag-akberto-fernandez","tag-argentino-juniors","tag-socio"],"_links":{"self":[{"href":"https:\/\/partediario.com.ar\/index.php?rest_route=\/wp\/v2\/posts\/5823","targetHints":{"allow":["GET"]}}],"collection":[{"href":"https:\/\/partediario.com.ar\/index.php?rest_route=\/wp\/v2\/posts"}],"about":[{"href":"https:\/\/partediario.com.ar\/index.php?rest_route=\/wp\/v2\/types\/post"}],"author":[{"embeddable":true,"href":"https:\/\/partediario.com.ar\/index.php?rest_route=\/wp\/v2\/users\/2"}],"replies":[{"embeddable":true,"href":"https:\/\/partediario.com.ar\/index.php?rest_route=%2Fwp%2Fv2%2Fcomments&post=5823"}],"version-history":[{"count":1,"href":"https:\/\/partediario.com.ar\/index.php?rest_route=\/wp\/v2\/posts\/5823\/revisions"}],"predecessor-version":[{"id":5825,"href":"https:\/\/partediario.com.ar\/index.php?rest_route=\/wp\/v2\/posts\/5823\/revisions\/5825"}],"wp:featuredmedia":[{"embeddable":true,"href":"https:\/\/partediario.com.ar\/index.php?rest_route=\/wp\/v2\/media\/5824"}],"wp:attachment":[{"href":"https:\/\/partediario.com.ar\/index.php?rest_route=%2Fwp%2Fv2%2Fmedia&parent=5823"}],"wp:term":[{"taxonomy":"category","embeddable":true,"href":"https:\/\/partediario.com.ar\/index.php?rest_route=%2Fwp%2Fv2%2Fcategories&post=5823"},{"taxonomy":"post_tag","embeddable":true,"href":"https:\/\/partediario.com.ar\/index.php?rest_route=%2Fwp%2Fv2%2Ftags&post=5823"}],"curies":[{"name":"wp","href":"https:\/\/api.w.org\/{rel}","templated":true}]}}