{"id":5832,"date":"2024-08-10T19:14:21","date_gmt":"2024-08-10T22:14:21","guid":{"rendered":"https:\/\/partediario.com.ar\/?p=5832"},"modified":"2024-08-10T19:14:21","modified_gmt":"2024-08-10T22:14:21","slug":"alberto-fernandez-pidio-que-la-causa-por-violencia-de-genero-pase-a-la-justicia-de-san-isidro","status":"publish","type":"post","link":"https:\/\/partediario.com.ar\/?p=5832","title":{"rendered":"Alberto Fern\u00e1ndez pidi\u00f3 que la causa por violencia de g\u00e9nero pase a la Justicia de San Isidro"},"content":{"rendered":"\n<h3 class=\"wp-block-heading\">El expresidente Alberto Fern\u00e1ndez solicit\u00f3 por medio de una nota, dirigida hacia el juez Juli\u00e1n Ercolini, que la causa por violencia de g\u00e9nero impulsada por su expareja, Fabiola Y\u00e1\u00f1ez, sea retirada de los tribunales de Comodoro Py y se traslade a la Justicia de San Isidro.<\/h3>\n\n\n\n<p>Seg\u00fan afirm\u00f3 la abogada defensora de Fern\u00e1ndez, Silvina Carreira, el caso debe tramitarse en el fuero federal debido a la condici\u00f3n de expresidente del acusado. La decisi\u00f3n final, estar\u00e1 en manos del juez federal Ercolini.<\/p>\n\n\n\n<p>Fern\u00e1ndez mantuvo una reuni\u00f3n durante la jornada del viernes con su equipo legal y con su abogada defensora, con el fin de definir los pasos a seguir en la defensa del caso. De todos modos, Ya\u00f1ez aun no declar\u00f3 ante el juez Juli\u00e1n Ercolini, quien est\u00e1 a cargo del Juzgado Criminal y Correccional Federal 10.<\/p>\n\n\n\n<p>\u201dLa estrategia de Fern\u00e1ndez apuntar\u00eda a reconocer en principio la violencia verbal pero negar\u00eda de plano lo que referencia a la violencia f\u00edsica\u201d, se\u00f1al\u00f3 el periodista Juli\u00e1n Guarino. En la jornada de ayer, se filtraron chats y fotos de la ex primera dama, donde se la puede ver con moretones en el rostro y el brazo.<\/p>\n\n\n\n<p>Si bien la denuncia contra el exmandatario fue el mi\u00e9rcoles, su situaci\u00f3n se fue empeorando con el paso de las horas, donde luego de la filtraci\u00f3n de las im\u00e1genes que dar\u00edan cuenta de la violencia f\u00edsica y verbal del expresidente hacia su expareja, se sum\u00f3 la difusi\u00f3n de videos protagonizados por el propio mandatario y la actriz Tamara Pettinato.<\/p>\n\n\n\n<p>La primera declaraci\u00f3n de Fabiola Ya\u00f1ez tras denunciar a Alberto Fern\u00e1ndez: \u201cMucha gente sab\u00eda que esto pasaba\u201d.<\/p>\n\n\n\n<p>Tras denunciar por violencia de g\u00e9nero a Alberto Fern\u00e1ndez, Fabiola Ya\u00f1ez declar\u00f3 ante la Direcci\u00f3n de Protecci\u00f3n a las V\u00edctimas y revel\u00f3 detalles sobre la informaci\u00f3n que se dio a conocer en los \u00faltimos d\u00edas. La exprimera dama apunt\u00f3 contra el entorno del expresidente y afirm\u00f3 que \u201cmucha gente sab\u00eda que esto pasaba\u201d.<\/p>\n\n\n\n<p>Ya\u00f1ez declar\u00f3 en la Fiscal\u00eda Nacional en lo Criminal y Correccional Federal N\u00b06 y la Unidad Fiscal Especializada en Violencia contra las Mujeres (UFEM). En una entrevista con los profesionales, la expareja del exmandatario brind\u00f3 detalles sobre la situaci\u00f3n que viv\u00eda con el dirigente.<\/p>\n\n\n\n<p>La exprimera dama relat\u00f3 que se quer\u00eda separar desesperadamente y que \u201cfueron muchas agresiones verbales y f\u00edsicas, incluso cuando estaba embarazada\u201d. Adem\u00e1s seg\u00fan la declaraci\u00f3n, afirm\u00f3 que \u201cpor el golpe en la cabeza estuve varias semanas encerrada en la casa de hu\u00e9spedes de Olivos\u201d y relat\u00f3 que fue agredida \u201cen el piso\u201d cuando estaba transitando su octavo mes de embarazo.<\/p>\n","protected":false},"excerpt":{"rendered":"<p>El expresidente Alberto Fern&aacute;ndez solicit&oacute; por medio de una nota, dirigida hacia el juez Juli&aacute;n Ercolini, que la causa por violencia de g&eacute;nero impulsada por su expareja, Fabiola Y&aacute;&ntilde;ez, sea retirada de los tribunales de Comodoro Py y se traslade a la Justicia de San Isidro. Seg&uacute;n afirm&oacute; la abogada defensora de Fern&aacute;ndez, Silvina Carreira, [&hellip;]<\/p>\n","protected":false},"author":2,"featured_media":5833,"comment_status":"open","ping_status":"open","sticky":false,"template":"","format":"standard","meta":{"footnotes":""},"categories":[979,5],"tags":[517,2475,2410,2424,772,2379,2447],"class_list":["post-5832","post","type-post","status-publish","format-standard","has-post-thumbnail","hentry","category-judiciales","category-nacionales","tag-alberto-fernandez","tag-comodoro-py","tag-fabiola-yanez-3","tag-julian-ercolini","tag-justicia","tag-san-isidro","tag-silvina-carreira"],"_links":{"self":[{"href":"https:\/\/partediario.com.ar\/index.php?rest_route=\/wp\/v2\/posts\/5832","targetHints":{"allow":["GET"]}}],"collection":[{"href":"https:\/\/partediario.com.ar\/index.php?rest_route=\/wp\/v2\/posts"}],"about":[{"href":"https:\/\/partediario.com.ar\/index.php?rest_route=\/wp\/v2\/types\/post"}],"author":[{"embeddable":true,"href":"https:\/\/partediario.com.ar\/index.php?rest_route=\/wp\/v2\/users\/2"}],"replies":[{"embeddable":true,"href":"https:\/\/partediario.com.ar\/index.php?rest_route=%2Fwp%2Fv2%2Fcomments&post=5832"}],"version-history":[{"count":1,"href":"https:\/\/partediario.com.ar\/index.php?rest_route=\/wp\/v2\/posts\/5832\/revisions"}],"predecessor-version":[{"id":5834,"href":"https:\/\/partediario.com.ar\/index.php?rest_route=\/wp\/v2\/posts\/5832\/revisions\/5834"}],"wp:featuredmedia":[{"embeddable":true,"href":"https:\/\/partediario.com.ar\/index.php?rest_route=\/wp\/v2\/media\/5833"}],"wp:attachment":[{"href":"https:\/\/partediario.com.ar\/index.php?rest_route=%2Fwp%2Fv2%2Fmedia&parent=5832"}],"wp:term":[{"taxonomy":"category","embeddable":true,"href":"https:\/\/partediario.com.ar\/index.php?rest_route=%2Fwp%2Fv2%2Fcategories&post=5832"},{"taxonomy":"post_tag","embeddable":true,"href":"https:\/\/partediario.com.ar\/index.php?rest_route=%2Fwp%2Fv2%2Ftags&post=5832"}],"curies":[{"name":"wp","href":"https:\/\/api.w.org\/{rel}","templated":true}]}}