{"id":5837,"date":"2024-08-11T10:43:52","date_gmt":"2024-08-11T13:43:52","guid":{"rendered":"https:\/\/partediario.com.ar\/?p=5837"},"modified":"2024-08-11T11:54:21","modified_gmt":"2024-08-11T14:54:21","slug":"tragedia-en-mendoza-dos-nenas-que-estaban-al-cuidado-de-una-adolescente-murieron-en-un-incendio","status":"publish","type":"post","link":"https:\/\/partediario.com.ar\/?p=5837","title":{"rendered":"Tragedia en Mendoza: dos nenas que estaban al cuidado de una adolescente, murieron en un incendio"},"content":{"rendered":"\n<h3 class=\"wp-block-heading\">El lamentable siniestro sucedi\u00f3 este s\u00e1bado en una casa de la localidad de San Mart\u00edn, Mendoza. Las v\u00edctimas fatales ten\u00edan 2 y 5 a\u00f1os.<\/h3>\n\n\n\n<p>Dos nenas de 2 y 5 a\u00f1os murieron calcinadas al incendiarse su casa en la localidad de San Mart\u00edn, Mendoza. Una adolescente de 13 a\u00f1os que estaba cuid\u00e1ndolas fue rescatada, pero su estado es cr\u00edtico.<\/p>\n\n\n\n<p>De acuerdo a la reconstrucci\u00f3n de las autoridades, el fuego comenz\u00f3 dentro de una habitaci\u00f3n y se expandi\u00f3 por toda la casa en cuesti\u00f3n de minutos. Cuando arribaron los bomberos, ya no hab\u00eda posibilidades de salvar a las nenas. El accidente sucedi\u00f3 alrededor de las 16 horas de este s\u00e1bado, en la calle Cardenal Zamor\u00e9, B Villa Italia, frente a la capilla Mar\u00eda Auxiliadora.<\/p>\n\n\n\n<p>La adolescente, que es t\u00eda materna de las v\u00edctimas, sufri\u00f3 quemaduras severas y complicaciones respiratorias. En principio, fue trasladada de urgencia al Hospital Perrupato, donde le dio un paro cardiorrespiratorio, pero los m\u00e9dicos pudieron estabilizarla. Sin embargo, tendr\u00e1n que derivarla al Hospital Notti, ya que necesita atenci\u00f3n m\u00e1s especializada.<\/p>\n\n\n\n<p>La casa qued\u00f3 en ruinas y los bomberos le confirmaron que no fue posible comenzar la inspecci\u00f3n de inmediato por riesgo de derrumbe.<\/p>\n","protected":false},"excerpt":{"rendered":"<p>El lamentable siniestro sucedi&oacute; este s&aacute;bado en una casa de la localidad de San Mart&iacute;n, Mendoza. Las v&iacute;ctimas fatales ten&iacute;an 2 y 5 a&ntilde;os. Dos nenas de 2 y 5 a&ntilde;os murieron calcinadas al incendiarse su casa en la localidad de San Mart&iacute;n, Mendoza. Una adolescente de 13 a&ntilde;os que estaba cuid&aacute;ndolas fue rescatada, pero [&hellip;]<\/p>\n","protected":false},"author":2,"featured_media":5838,"comment_status":"open","ping_status":"open","sticky":false,"template":"","format":"standard","meta":{"footnotes":""},"categories":[5,7],"tags":[456,347,2478,2476],"class_list":["post-5837","post","type-post","status-publish","format-standard","has-post-thumbnail","hentry","category-nacionales","category-policiales","tag-incendio","tag-mendoza","tag-muertas","tag-nenas"],"_links":{"self":[{"href":"https:\/\/partediario.com.ar\/index.php?rest_route=\/wp\/v2\/posts\/5837","targetHints":{"allow":["GET"]}}],"collection":[{"href":"https:\/\/partediario.com.ar\/index.php?rest_route=\/wp\/v2\/posts"}],"about":[{"href":"https:\/\/partediario.com.ar\/index.php?rest_route=\/wp\/v2\/types\/post"}],"author":[{"embeddable":true,"href":"https:\/\/partediario.com.ar\/index.php?rest_route=\/wp\/v2\/users\/2"}],"replies":[{"embeddable":true,"href":"https:\/\/partediario.com.ar\/index.php?rest_route=%2Fwp%2Fv2%2Fcomments&post=5837"}],"version-history":[{"count":1,"href":"https:\/\/partediario.com.ar\/index.php?rest_route=\/wp\/v2\/posts\/5837\/revisions"}],"predecessor-version":[{"id":5839,"href":"https:\/\/partediario.com.ar\/index.php?rest_route=\/wp\/v2\/posts\/5837\/revisions\/5839"}],"wp:featuredmedia":[{"embeddable":true,"href":"https:\/\/partediario.com.ar\/index.php?rest_route=\/wp\/v2\/media\/5838"}],"wp:attachment":[{"href":"https:\/\/partediario.com.ar\/index.php?rest_route=%2Fwp%2Fv2%2Fmedia&parent=5837"}],"wp:term":[{"taxonomy":"category","embeddable":true,"href":"https:\/\/partediario.com.ar\/index.php?rest_route=%2Fwp%2Fv2%2Fcategories&post=5837"},{"taxonomy":"post_tag","embeddable":true,"href":"https:\/\/partediario.com.ar\/index.php?rest_route=%2Fwp%2Fv2%2Ftags&post=5837"}],"curies":[{"name":"wp","href":"https:\/\/api.w.org\/{rel}","templated":true}]}}