{"id":5846,"date":"2024-08-11T11:03:43","date_gmt":"2024-08-11T14:03:43","guid":{"rendered":"https:\/\/partediario.com.ar\/?p=5846"},"modified":"2024-08-11T11:03:43","modified_gmt":"2024-08-11T14:03:43","slug":"advierten-que-eliminar-la-cedula-azul-traera-mas-problemas-que-soluciones","status":"publish","type":"post","link":"https:\/\/partediario.com.ar\/?p=5846","title":{"rendered":"Advierten que eliminar la c\u00e9dula Azul traer\u00e1 \u00abm\u00e1s problemas que soluciones\u00bb"},"content":{"rendered":"\n<h3 class=\"wp-block-heading\">La eliminaci\u00f3n de la c\u00e9dula Azul en el mercado automotriz provocar\u00e1 \u201cm\u00e1s problemas que soluciones\u201d, porque obligar\u00e1 a quienes tengan que conducir un veh\u00edculo que no es propio, a realizar un costoso tr\u00e1mite ante escribano p\u00fablico, destacan.<\/h3>\n\n\n\n<p>La eliminaci\u00f3n de la c\u00e9dula Azul en el mercado automotriz provocar\u00e1 \u201cm\u00e1s problemas que soluciones\u201d, porque obligar\u00e1 a quienes tengan que conducir un veh\u00edculo que no es propio, a realizar un costoso tr\u00e1mite ante escribano p\u00fablico.<\/p>\n\n\n\n<p>\u201cNos parece que el hecho de que no exista la C\u00e9dula Azul no es muy inteligente, porque era optativa, ten\u00eda un costo de solo 6.400 pesos y vino a solucionar un problema que se present\u00f3 hace muchos a\u00f1os\u201d, expres\u00f3 el secretario de la C\u00e1mara del Comercio Automotor (CCA), Alejandro Lamas.<\/p>\n\n\n\n<p>Se\u00f1al\u00f3 adem\u00e1s que ese documento \u201csolucionaba el problema de que otro manera el auto que no es propio, estaba dentro del digesto de normas registrales\u201d.<\/p>\n\n\n\n<p>Agreg\u00f3 que \u201cahora, si se quiere salir con el auto habr\u00e1 que pedir un poder ante escribano que no baja de los 140 mil pesos\u201d.<\/p>\n\n\n\n<p>Precis\u00f3 que en el caso del transporte de camiones, \u201ccuando hay muchos choferes, deber\u00e1n circular con un poder ante escribano cada uno. \u201cEsto no le soluciona la vida a nadie y se la complica a un mont\u00f3n de gente\u201d, critic\u00f3.<\/p>\n\n\n\n<p>Lamas adem\u00e1s cuestion\u00f3 la decisi\u00f3n de que la C\u00e9dula Verde no tenga vencimiento y alert\u00f3 que esto provocar\u00e1 que \u201cse pueda diferir mucho el tr\u00e1mite de cambio de tenencia del auto\u201d.<\/p>\n\n\n\n<p>\u201cMucha gente, porque llega con lo justo a comprar, demora la transferencia. Y ya hay sitios de venta de autos de segunda mano que tienen anuncios solo con c\u00e9dula verde a un cuarto o quinto del valor del auto\u201d, acot\u00f3.<\/p>\n\n\n\n<p>Consultado sobre la pol\u00e9mica sobre los Registros del Automotor, Lamas argument\u00f3 que \u201chay que esperar, porque todav\u00eda no se sabe bien qu\u00e9 se quiere hacer\u201d, y record\u00f3 que \u201cla mayor parte de los costos son impuestos provinciales, por lo que se deber\u00e1 negociar con cada gobernador\u201d. \u201cNo creo que se vayan a poder eliminar. En Mendoza, por ejemplo, el impuesto de Sellos es el tercero en importancia, y la mitad del costo de la transferencia\u201d.<\/p>\n\n\n\n<p>En cuanto a digitalizaci\u00f3n, se\u00f1al\u00f3 que \u201cya se viene haciendo, incluso con lectura biom\u00e9trica, y el tema de la patente \u00fanica, que puede llegar a ser interesante, hay que ver c\u00f3mo se genera\u201d.<\/p>\n","protected":false},"excerpt":{"rendered":"<p>La eliminaci&oacute;n de la c&eacute;dula Azul en el mercado automotriz provocar&aacute; &ldquo;m&aacute;s problemas que soluciones&rdquo;, porque obligar&aacute; a quienes tengan que conducir un veh&iacute;culo que no es propio, a realizar un costoso tr&aacute;mite ante escribano p&uacute;blico, destacan. La eliminaci&oacute;n de la c&eacute;dula Azul en el mercado automotriz provocar&aacute; &ldquo;m&aacute;s problemas que soluciones&rdquo;, porque obligar&aacute; a [&hellip;]<\/p>\n","protected":false},"author":2,"featured_media":5847,"comment_status":"open","ping_status":"open","sticky":false,"template":"","format":"standard","meta":{"footnotes":""},"categories":[5,176,726],"tags":[2486,2485,2483,1171,2487],"class_list":["post-5846","post","type-post","status-publish","format-standard","has-post-thumbnail","hentry","category-nacionales","category-politica","category-sociedad","tag-alejandro-lamas","tag-azul","tag-cedula","tag-eliminacion","tag-problemas"],"_links":{"self":[{"href":"https:\/\/partediario.com.ar\/index.php?rest_route=\/wp\/v2\/posts\/5846","targetHints":{"allow":["GET"]}}],"collection":[{"href":"https:\/\/partediario.com.ar\/index.php?rest_route=\/wp\/v2\/posts"}],"about":[{"href":"https:\/\/partediario.com.ar\/index.php?rest_route=\/wp\/v2\/types\/post"}],"author":[{"embeddable":true,"href":"https:\/\/partediario.com.ar\/index.php?rest_route=\/wp\/v2\/users\/2"}],"replies":[{"embeddable":true,"href":"https:\/\/partediario.com.ar\/index.php?rest_route=%2Fwp%2Fv2%2Fcomments&post=5846"}],"version-history":[{"count":1,"href":"https:\/\/partediario.com.ar\/index.php?rest_route=\/wp\/v2\/posts\/5846\/revisions"}],"predecessor-version":[{"id":5848,"href":"https:\/\/partediario.com.ar\/index.php?rest_route=\/wp\/v2\/posts\/5846\/revisions\/5848"}],"wp:featuredmedia":[{"embeddable":true,"href":"https:\/\/partediario.com.ar\/index.php?rest_route=\/wp\/v2\/media\/5847"}],"wp:attachment":[{"href":"https:\/\/partediario.com.ar\/index.php?rest_route=%2Fwp%2Fv2%2Fmedia&parent=5846"}],"wp:term":[{"taxonomy":"category","embeddable":true,"href":"https:\/\/partediario.com.ar\/index.php?rest_route=%2Fwp%2Fv2%2Fcategories&post=5846"},{"taxonomy":"post_tag","embeddable":true,"href":"https:\/\/partediario.com.ar\/index.php?rest_route=%2Fwp%2Fv2%2Ftags&post=5846"}],"curies":[{"name":"wp","href":"https:\/\/api.w.org\/{rel}","templated":true}]}}