{"id":5863,"date":"2024-08-11T11:41:39","date_gmt":"2024-08-11T14:41:39","guid":{"rendered":"https:\/\/partediario.com.ar\/?p=5863"},"modified":"2024-08-11T11:41:40","modified_gmt":"2024-08-11T14:41:40","slug":"se-realizo-el-encuentro-de-la-mesa-permanente-de-salud-de-la-region-centro","status":"publish","type":"post","link":"https:\/\/partediario.com.ar\/?p=5863","title":{"rendered":"Se realiz\u00f3 el encuentro de la Mesa Permanente de Salud de la Regi\u00f3n Centro"},"content":{"rendered":"\n<h3 class=\"wp-block-heading\">Con la presencia del gobernador Rogelio Frigerio, este viernes se realiz\u00f3 el segundo encuentro de la Mesa Permanente de Salud de la Regi\u00f3n Centro. Los ministros y equipos de las tres provincias discutieron sobre ejes estrat\u00e9gicos para fortalecer las respuestas sanitarias.<\/h3>\n\n\n\n<p>En el encuentro, que se realiz\u00f3 en el Centro Provincial de Convenciones, estuvieron presentes tambi\u00e9n la vicegobernadora Alicia Aluani; el ministro de Salud, Guillermo Grieve; y sus pares de C\u00f3rdoba, Ricardo Pieckenstainer, y de Santa Fe, Silvia Ciancio, adem\u00e1s de los integrantes de la Mesa Ejecutiva de la Regi\u00f3n Centro, directores y secretarios t\u00e9cnicos de los 65 hospitales de la provincia; y funcionarios de otras carteras.<\/p>\n\n\n\n<p>En ese marco, el gobernador Frigerio indic\u00f3 que la \u00abfalta de recursos, nos obliga a ser m\u00e1s eficiente y eficaces que nunca en la administraci\u00f3n de la cosa p\u00fablica\u00bb.<\/p>\n\n\n\n<p>En ese sentido, precis\u00f3 que hay temas concretos para trabajar, como es la ley de autogesti\u00f3n de hospitales. Dijo que \u00abclaramente es una necesidad y una urgencia. Estamos trabajando en eso\u00bb. Advirti\u00f3 luego sobre la escasez de profesionales en algunas \u00e1reas, una problem\u00e1tica com\u00fan en todo el pa\u00eds, y adelant\u00f3 que, \u00abcomo Regi\u00f3n Centro, tenemos que ver c\u00f3mo generamos los incentivos\u00bb. Tambi\u00e9n se refiri\u00f3 a \u00abla carga real de trabajo de nuestros profesionales en los hospitales\u00bb como otra problem\u00e1tica a abordar.<\/p>\n\n\n\n<p>Habl\u00f3 adem\u00e1s de la importancia de tratar en las mesas de trabajo las compras centralizadas de medicamentos y de alimentos. \u00abTenemos que aprovechar el poder de compra del Estado e, insisto, en la peor crisis que se recuerde, no podemos gastar de m\u00e1s\u00bb, remarc\u00f3. Se refiri\u00f3 luego a la importancia de definir \u00abestrategias comunes frente a las pandemias, al dengue y a cualquier otra cosa que surja. Tenemos que atacar esos problemas trabajando en conjunto\u00bb.<\/p>\n\n\n\n<p>Por su parte, el ministro de Salud, Guillermo Grieve, destac\u00f3 la trascendencia que tiene un encuentro de esta naturaleza y se\u00f1al\u00f3 \u00abhay una decisi\u00f3n pol\u00edtica que significa fortalecer lo que cada provincia ha establecido como prioritario, en una estrategia en com\u00fan\u00bb.<\/p>\n\n\n\n<p>En tanto, el presidente del Entre Regi\u00f3n Centro de Entre R\u00edos, Jorge Chemes, record\u00f3 que al inicio de la gesti\u00f3n se plantearon crear mesas de trabajo por temas y que ya llevan 14 creadas. \u00abPor mandato de nuestros gobernadores, tratamos de darle protagonismo y dinamismo a la regi\u00f3n, para potenciar y generar una andamiaje institucional que sostenga el intercambio\u00bb, destac\u00f3 el funcionario, tras lo cual asegur\u00f3 que el organismo va a mostrar \u00ablo que es el futuro de la pol\u00edtica en el pa\u00eds, la regionalizaci\u00f3n\u00bb.<\/p>\n\n\n\n<p><\/p>\n\n\n\n<figure class=\"wp-block-embed is-type-video is-provider-youtube wp-block-embed-youtube wp-embed-aspect-16-9 wp-has-aspect-ratio\"><div class=\"wp-block-embed__wrapper\">\n<iframe loading=\"lazy\" title=\"Se realiz\u00f3 el encuentro de la Mesa Permanente de Salud de la Regi\u00f3n Centro\" width=\"640\" height=\"360\" src=\"https:\/\/www.youtube.com\/embed\/yqRCy2rhq4w?feature=oembed\" frameborder=\"0\" allow=\"accelerometer; autoplay; clipboard-write; encrypted-media; gyroscope; picture-in-picture; web-share\" referrerpolicy=\"strict-origin-when-cross-origin\" allowfullscreen><\/iframe>\n<\/div><\/figure>\n","protected":false},"excerpt":{"rendered":"<p>Con la presencia del gobernador Rogelio Frigerio, este viernes se realiz&oacute; el segundo encuentro de la Mesa Permanente de Salud de la Regi&oacute;n Centro. Los ministros y equipos de las tres provincias discutieron sobre ejes estrat&eacute;gicos para fortalecer las respuestas sanitarias. En el encuentro, que se realiz&oacute; en el Centro Provincial de Convenciones, estuvieron presentes [&hellip;]<\/p>\n","protected":false},"author":2,"featured_media":5864,"comment_status":"open","ping_status":"open","sticky":false,"template":"","format":"standard","meta":{"footnotes":""},"categories":[8,726],"tags":[944,257,307,304,265,305,2494,245,306,2495],"class_list":["post-5863","post","type-post","status-publish","format-standard","has-post-thumbnail","hentry","category-provinciales","category-sociedad","tag-alicia-aluani","tag-entre-rios","tag-guillermo-grieve","tag-mesa","tag-parana","tag-permanente","tag-ricardo-pieckenstainer","tag-rogelio-frigerio","tag-salud","tag-silvia-ciancio"],"_links":{"self":[{"href":"https:\/\/partediario.com.ar\/index.php?rest_route=\/wp\/v2\/posts\/5863","targetHints":{"allow":["GET"]}}],"collection":[{"href":"https:\/\/partediario.com.ar\/index.php?rest_route=\/wp\/v2\/posts"}],"about":[{"href":"https:\/\/partediario.com.ar\/index.php?rest_route=\/wp\/v2\/types\/post"}],"author":[{"embeddable":true,"href":"https:\/\/partediario.com.ar\/index.php?rest_route=\/wp\/v2\/users\/2"}],"replies":[{"embeddable":true,"href":"https:\/\/partediario.com.ar\/index.php?rest_route=%2Fwp%2Fv2%2Fcomments&post=5863"}],"version-history":[{"count":1,"href":"https:\/\/partediario.com.ar\/index.php?rest_route=\/wp\/v2\/posts\/5863\/revisions"}],"predecessor-version":[{"id":5865,"href":"https:\/\/partediario.com.ar\/index.php?rest_route=\/wp\/v2\/posts\/5863\/revisions\/5865"}],"wp:featuredmedia":[{"embeddable":true,"href":"https:\/\/partediario.com.ar\/index.php?rest_route=\/wp\/v2\/media\/5864"}],"wp:attachment":[{"href":"https:\/\/partediario.com.ar\/index.php?rest_route=%2Fwp%2Fv2%2Fmedia&parent=5863"}],"wp:term":[{"taxonomy":"category","embeddable":true,"href":"https:\/\/partediario.com.ar\/index.php?rest_route=%2Fwp%2Fv2%2Fcategories&post=5863"},{"taxonomy":"post_tag","embeddable":true,"href":"https:\/\/partediario.com.ar\/index.php?rest_route=%2Fwp%2Fv2%2Ftags&post=5863"}],"curies":[{"name":"wp","href":"https:\/\/api.w.org\/{rel}","templated":true}]}}