{"id":5875,"date":"2024-08-12T10:07:38","date_gmt":"2024-08-12T13:07:38","guid":{"rendered":"https:\/\/partediario.com.ar\/?p=5875"},"modified":"2024-08-12T10:07:38","modified_gmt":"2024-08-12T13:07:38","slug":"la-afip-elimino-la-obligacion-de-registrar-los-contratos-de-alquiler","status":"publish","type":"post","link":"https:\/\/partediario.com.ar\/?p=5875","title":{"rendered":"La AFIP elimin\u00f3 la obligaci\u00f3n de registrar los contratos de alquiler"},"content":{"rendered":"\n<h3 class=\"wp-block-heading\">La Administraci\u00f3n Federal de Ingresos P\u00fablicos (AFIP) elimin\u00f3 la obligaci\u00f3n de registrar los contratos de alquiler de inmuebles urbanos y rurales destinados a vivienda. La medida tiene como meta reducir la carga administrativa y burocr\u00e1tica de los contribuyentes.<\/h3>\n\n\n\n<p>Por medio de la Resoluci\u00f3n General 5545\/2024, la AFIP suprimi\u00f3 el requisito de informar todas las operaciones concertadas entre locadores y locatarios ante el \u201cR\u00e9gimen de registraci\u00f3n de contratos de locaci\u00f3n de inmuebles (RELI)\u201d, en el marco de la derogaci\u00f3n de la Ley de Alquileres.<\/p>\n\n\n\n<p>\u201cLa presente medida contribuye a la constituci\u00f3n de un Estado Nacional a favor del ciudadano en un marco de simplificaci\u00f3n, eficiencia, eficacia y calidad en la prestaci\u00f3n de servicios\u201d, se\u00f1alan en los considerandos.<\/p>\n\n\n\n<p>Simult\u00e1neamente, la nueva resoluci\u00f3n de AFIP establece que los contribuyentes que quieran obtener los beneficios fiscales en el R\u00e9gimen Simplificado para Peque\u00f1os Contribuyentes y en los impuestos sobre los Cr\u00e9ditos y D\u00e9bitos en cuentas bancarias y otras operatorias, sobre los Bienes Personales y a las Ganancias deber\u00e1n declarar sus contratos de alquiler en el servicio \u201cRegistro de Locaciones de Inmuebles &#8211; RELI\u201d de la web del organismo con clave fiscal, antes del 30 de septiembre de 2024 o dentro de los 15 d\u00edas corridos posteriores a su firma de acuerdo al caso.<\/p>\n\n\n\n<p>\u201cCuando los inmuebles pertenezcan a sujetos residentes en el exterior, la registraci\u00f3n estar\u00e1 a cargo de sus representantes en el pa\u00eds, cualquiera sea la modalidad de la representaci\u00f3n\u201d, indica la norma del organismo conducido por Florencia Misrahi.<\/p>\n\n\n\n<p>\u201cSe encuentran incluidos en el presente r\u00e9gimen de registraci\u00f3n los contratos de locaci\u00f3n celebrados electr\u00f3nicamente mediante la utilizaci\u00f3n de plataformas digitales y\/o aplicaciones m\u00f3viles destinadas a tal fin\u201d, a\u00f1ade.<\/p>\n\n\n\n<p>Asimismo, se deber\u00e1 indicar si se trata de bienes inmuebles urbanos o rurales y la modalidad de la operaci\u00f3n (permanente o temporaria) y registrar cada contrato en alguna de las siguientes categor\u00edas:<\/p>\n\n\n\n<p>Locador urbano<\/p>\n\n\n\n<p>Arrendador<\/p>\n\n\n\n<p>Locador temporario<\/p>\n\n\n\n<p>Locador de superficies dentro de bienes inmuebles<\/p>\n\n\n\n<p>Y se deber\u00e1n cumplir los siguiente requisitos:<\/p>\n\n\n\n<p>Poseer la CUIT activa<\/p>\n\n\n\n<p>Declarar y mantener actualizado ante la AFIP el domicilio fiscal<\/p>\n\n\n\n<p>Constituir el Domicilio Fiscal Electr\u00f3nico<\/p>\n\n\n\n<p>Tener actualizada en el \u201cSistema Registral\u201d la informaci\u00f3n respecto de las actividades econ\u00f3micas<\/p>\n\n\n\n<p>Quienes ya tengan registrados sus contratos no deber\u00e1n volver a hacerlo, excepto que haya modificaciones o actualizaciones.<\/p>\n\n\n\n<p>Cabe subrayar que las operaciones realizadas en moneda extranjera deber\u00e1n informarse en pesos considerando el tipo de cambio vendedor del Banco de la Naci\u00f3n Argentina, vigente al cierre del d\u00eda h\u00e1bil inmediato anterior al de la celebraci\u00f3n del contrato.<\/p>\n\n\n\n<p>En l\u00ednea con dicha medida y con el objetivo de disminuir la carga administrativa de los contribuyentes, por medio de la Resoluci\u00f3n General Nro. 5547\/2024, con relaci\u00f3n al impuesto a las ganancias, se dispuso la eliminaci\u00f3n de la obligaci\u00f3n por parte del empleado en relaci\u00f3n de dependencia de adjuntar -en el servicio SiRADIG- una copia del contrato de alquiler del inmueble con destino a casa habitaci\u00f3n. Este requisito resultaba necesario para tener acceso a las deducciones del 40% y del 10%, respectivamente, de las sumas pagadas por este alquiler.<\/p>\n\n\n\n<p>Estas medidas se suman a la derogaci\u00f3n del Certificado de Transferencia de Automotores (CETA), es decir el documento que deb\u00eda emitirse al vender un automotor o moto usada y radicada en el pa\u00eds; de las resoluciones generales que obligaban a productores agropecuarios a presentar cinco declaraciones juradas al a\u00f1o con su cosecha, y del Sistema de Importaciones de la Rep\u00fablica Argentina (SIRA) y la evaluaci\u00f3n de la Capacidad Econ\u00f3mica Financiera (CEF) para autorizar importaciones, con el objetivo de facilitar el comercio exterior.<\/p>\n","protected":false},"excerpt":{"rendered":"<p>La Administraci&oacute;n Federal de Ingresos P&uacute;blicos (AFIP) elimin&oacute; la obligaci&oacute;n de registrar los contratos de alquiler de inmuebles urbanos y rurales destinados a vivienda. La medida tiene como meta reducir la carga administrativa y burocr&aacute;tica de los contribuyentes. Por medio de la Resoluci&oacute;n General 5545\/2024, la AFIP suprimi&oacute; el requisito de informar todas las operaciones [&hellip;]<\/p>\n","protected":false},"author":2,"featured_media":5876,"comment_status":"open","ping_status":"open","sticky":false,"template":"","format":"standard","meta":{"footnotes":""},"categories":[5,176,726],"tags":[2499,2500],"class_list":["post-5875","post","type-post","status-publish","format-standard","has-post-thumbnail","hentry","category-nacionales","category-politica","category-sociedad","tag-alquileres","tag-registro"],"_links":{"self":[{"href":"https:\/\/partediario.com.ar\/index.php?rest_route=\/wp\/v2\/posts\/5875","targetHints":{"allow":["GET"]}}],"collection":[{"href":"https:\/\/partediario.com.ar\/index.php?rest_route=\/wp\/v2\/posts"}],"about":[{"href":"https:\/\/partediario.com.ar\/index.php?rest_route=\/wp\/v2\/types\/post"}],"author":[{"embeddable":true,"href":"https:\/\/partediario.com.ar\/index.php?rest_route=\/wp\/v2\/users\/2"}],"replies":[{"embeddable":true,"href":"https:\/\/partediario.com.ar\/index.php?rest_route=%2Fwp%2Fv2%2Fcomments&post=5875"}],"version-history":[{"count":1,"href":"https:\/\/partediario.com.ar\/index.php?rest_route=\/wp\/v2\/posts\/5875\/revisions"}],"predecessor-version":[{"id":5877,"href":"https:\/\/partediario.com.ar\/index.php?rest_route=\/wp\/v2\/posts\/5875\/revisions\/5877"}],"wp:featuredmedia":[{"embeddable":true,"href":"https:\/\/partediario.com.ar\/index.php?rest_route=\/wp\/v2\/media\/5876"}],"wp:attachment":[{"href":"https:\/\/partediario.com.ar\/index.php?rest_route=%2Fwp%2Fv2%2Fmedia&parent=5875"}],"wp:term":[{"taxonomy":"category","embeddable":true,"href":"https:\/\/partediario.com.ar\/index.php?rest_route=%2Fwp%2Fv2%2Fcategories&post=5875"},{"taxonomy":"post_tag","embeddable":true,"href":"https:\/\/partediario.com.ar\/index.php?rest_route=%2Fwp%2Fv2%2Ftags&post=5875"}],"curies":[{"name":"wp","href":"https:\/\/api.w.org\/{rel}","templated":true}]}}