{"id":5910,"date":"2024-08-12T11:58:58","date_gmt":"2024-08-12T14:58:58","guid":{"rendered":"https:\/\/partediario.com.ar\/?p=5910"},"modified":"2024-08-12T11:59:09","modified_gmt":"2024-08-12T14:59:09","slug":"macia-el-intendente-ariel-muller-recorrio-distintas-obras-que-se-llevan-adelante-en-la-ciudad-y-la-zona","status":"publish","type":"post","link":"https:\/\/partediario.com.ar\/?p=5910","title":{"rendered":"Maci\u00e1: el intendente Ariel M\u00fcller recorri\u00f3 distintas obras que se llevan adelante en la ciudad y la zona"},"content":{"rendered":"\n<h3 class=\"wp-block-heading\">Cabe se\u00f1alar que las obras se realizan con recursos municipales, aprovech\u00f3 la visita para dialogar con los trabajadores de la Secretar\u00eda de Obras P\u00fablicas.<\/h3>\n\n\n\n<p>Las tareas de remodelaci\u00f3n y refuncionalizaci\u00f3n que se realizan en el Paseo del Centenario se encuentran en la etapa final, con la ejecuci\u00f3n de espacios verdes.<\/p>\n\n\n\n<p><\/p>\n\n\n\n<figure class=\"wp-block-image size-large\"><img loading=\"lazy\" decoding=\"async\" width=\"1024\" height=\"768\" src=\"https:\/\/partediario.com.ar\/wp-content\/uploads\/454932771_512898774456624_8215626411802993226_n-1024x768.jpg\" alt=\"\" class=\"wp-image-5911\" srcset=\"https:\/\/partediario.com.ar\/wp-content\/uploads\/454932771_512898774456624_8215626411802993226_n-1024x768.jpg 1024w, https:\/\/partediario.com.ar\/wp-content\/uploads\/454932771_512898774456624_8215626411802993226_n-300x225.jpg 300w, https:\/\/partediario.com.ar\/wp-content\/uploads\/454932771_512898774456624_8215626411802993226_n-768x576.jpg 768w, https:\/\/partediario.com.ar\/wp-content\/uploads\/454932771_512898774456624_8215626411802993226_n-1536x1152.jpg 1536w, https:\/\/partediario.com.ar\/wp-content\/uploads\/454932771_512898774456624_8215626411802993226_n.jpg 2048w\" sizes=\"auto, (max-width: 1024px) 100vw, 1024px\" \/><\/figure>\n\n\n\n<p><\/p>\n\n\n\n<figure class=\"wp-block-image size-large\"><img loading=\"lazy\" decoding=\"async\" width=\"1024\" height=\"680\" src=\"https:\/\/partediario.com.ar\/wp-content\/uploads\/454736967_512898364456665_3408604558701845454_n-1024x680.jpg\" alt=\"\" class=\"wp-image-5912\" srcset=\"https:\/\/partediario.com.ar\/wp-content\/uploads\/454736967_512898364456665_3408604558701845454_n-1024x680.jpg 1024w, https:\/\/partediario.com.ar\/wp-content\/uploads\/454736967_512898364456665_3408604558701845454_n-300x199.jpg 300w, https:\/\/partediario.com.ar\/wp-content\/uploads\/454736967_512898364456665_3408604558701845454_n-768x510.jpg 768w, https:\/\/partediario.com.ar\/wp-content\/uploads\/454736967_512898364456665_3408604558701845454_n-1536x1020.jpg 1536w, https:\/\/partediario.com.ar\/wp-content\/uploads\/454736967_512898364456665_3408604558701845454_n.jpg 2048w\" sizes=\"auto, (max-width: 1024px) 100vw, 1024px\" \/><\/figure>\n\n\n\n<p><\/p>\n\n\n\n<p>Adem\u00e1s en el marco de la pavimentaci\u00f3n de calle Goldaracena, comenz\u00f3 la colocaci\u00f3n de adoquines esta semana; y se est\u00e1n instalando nuevas luminarias en la Ruta Provincial N\u00ba 6.<\/p>\n\n\n\n<p><\/p>\n\n\n\n<figure class=\"wp-block-image size-large\"><img loading=\"lazy\" decoding=\"async\" width=\"1024\" height=\"768\" src=\"https:\/\/partediario.com.ar\/wp-content\/uploads\/454637014_512899074456594_8547384473112297639_n-1024x768.jpg\" alt=\"\" class=\"wp-image-5913\" srcset=\"https:\/\/partediario.com.ar\/wp-content\/uploads\/454637014_512899074456594_8547384473112297639_n-1024x768.jpg 1024w, https:\/\/partediario.com.ar\/wp-content\/uploads\/454637014_512899074456594_8547384473112297639_n-300x225.jpg 300w, https:\/\/partediario.com.ar\/wp-content\/uploads\/454637014_512899074456594_8547384473112297639_n-768x576.jpg 768w, https:\/\/partediario.com.ar\/wp-content\/uploads\/454637014_512899074456594_8547384473112297639_n-1536x1152.jpg 1536w, https:\/\/partediario.com.ar\/wp-content\/uploads\/454637014_512899074456594_8547384473112297639_n.jpg 2048w\" sizes=\"auto, (max-width: 1024px) 100vw, 1024px\" \/><\/figure>\n\n\n\n<p><\/p>\n","protected":false},"excerpt":{"rendered":"<p>Cabe se&ntilde;alar que las obras se realizan con recursos municipales, aprovech&oacute; la visita para dialogar con los trabajadores de la Secretar&iacute;a de Obras P&uacute;blicas. Las tareas de remodelaci&oacute;n y refuncionalizaci&oacute;n que se realizan en el Paseo del Centenario se encuentran en la etapa final, con la ejecuci&oacute;n de espacios verdes. Adem&aacute;s en el marco de [&hellip;]<\/p>\n","protected":false},"author":2,"featured_media":5912,"comment_status":"open","ping_status":"open","sticky":false,"template":"","format":"standard","meta":{"footnotes":""},"categories":[8,726],"tags":[212,2519,209,996],"class_list":["post-5910","post","type-post","status-publish","format-standard","has-post-thumbnail","hentry","category-provinciales","category-sociedad","tag-ariel-muller","tag-ibras","tag-macia","tag-visita"],"_links":{"self":[{"href":"https:\/\/partediario.com.ar\/index.php?rest_route=\/wp\/v2\/posts\/5910","targetHints":{"allow":["GET"]}}],"collection":[{"href":"https:\/\/partediario.com.ar\/index.php?rest_route=\/wp\/v2\/posts"}],"about":[{"href":"https:\/\/partediario.com.ar\/index.php?rest_route=\/wp\/v2\/types\/post"}],"author":[{"embeddable":true,"href":"https:\/\/partediario.com.ar\/index.php?rest_route=\/wp\/v2\/users\/2"}],"replies":[{"embeddable":true,"href":"https:\/\/partediario.com.ar\/index.php?rest_route=%2Fwp%2Fv2%2Fcomments&post=5910"}],"version-history":[{"count":1,"href":"https:\/\/partediario.com.ar\/index.php?rest_route=\/wp\/v2\/posts\/5910\/revisions"}],"predecessor-version":[{"id":5914,"href":"https:\/\/partediario.com.ar\/index.php?rest_route=\/wp\/v2\/posts\/5910\/revisions\/5914"}],"wp:featuredmedia":[{"embeddable":true,"href":"https:\/\/partediario.com.ar\/index.php?rest_route=\/wp\/v2\/media\/5912"}],"wp:attachment":[{"href":"https:\/\/partediario.com.ar\/index.php?rest_route=%2Fwp%2Fv2%2Fmedia&parent=5910"}],"wp:term":[{"taxonomy":"category","embeddable":true,"href":"https:\/\/partediario.com.ar\/index.php?rest_route=%2Fwp%2Fv2%2Fcategories&post=5910"},{"taxonomy":"post_tag","embeddable":true,"href":"https:\/\/partediario.com.ar\/index.php?rest_route=%2Fwp%2Fv2%2Ftags&post=5910"}],"curies":[{"name":"wp","href":"https:\/\/api.w.org\/{rel}","templated":true}]}}