{"id":5924,"date":"2024-08-12T19:31:05","date_gmt":"2024-08-12T22:31:05","guid":{"rendered":"https:\/\/partediario.com.ar\/?p=5924"},"modified":"2024-08-12T19:31:05","modified_gmt":"2024-08-12T22:31:05","slug":"diputados-retoma-el-debate-del-proyecto-del-gobierno-sobre-la-reforma-de-regimen-penal-juvenil","status":"publish","type":"post","link":"https:\/\/partediario.com.ar\/?p=5924","title":{"rendered":"Diputados retoma el debate del proyecto del Gobierno sobre la reforma de R\u00e9gimen Penal Juvenil"},"content":{"rendered":"\n<h3 class=\"wp-block-heading\">El martes 13 retomar\u00e1 el debate del proyecto de reforma del R\u00e9gimen Penal Juvenil que envi\u00f3 el Poder Ejecutivo al Congreso. Diputados autores de proyectos continuar\u00e1n exponiendo en comisi\u00f3n.<\/h3>\n\n\n\n<p>La iniciativa propone bajar a 13 a\u00f1os la edad de imputabilidad. El proyecto, se ser aprobado, establece un nuevo r\u00e9gimen penal para los adolescentes de entre 13 a 18 a\u00f1os que delinquen.<\/p>\n\n\n\n<p>En el marco de un plenario de comisiones convocado para este martes a las 17, seis legisladores dar\u00e1n a conocer los puntos centrales de sus iniciativas. As\u00ed lo hab\u00eda adelantado la titular de la Comisi\u00f3n de Legislaci\u00f3n General, Laura Rodr\u00edguez Machado. En el nuevo encuentro continuar\u00e1n exponiendo los autores de proyectos vinculados a la tem\u00e1tica.<\/p>\n\n\n\n<p>\u201cEn esta ocasi\u00f3n se pondr\u00e1n a consideraci\u00f3n las iniciativas impulsadas por Carolina P\u00edparo, Juan Manuel L\u00f3pez, \u00c1lvaro Mart\u00ednez, Ana Carla Carrizo, Agustina Propato y Natalia Zaracho\u201d.<\/p>\n\n\n\n<p>Esta es la tercera reuni\u00f3n del plenario de las comisiones de Legislaci\u00f3n General; Familias, Ni\u00f1ez y Juventudes; Justicia y de Presupuesto y Hacienda de la C\u00e1mara de Diputados, en la que se retomar\u00e1 el debate sobre el proyecto enviado por el Ejecutivo que propone un nuevo r\u00e9gimen penal juvenil, aplicable a adolescentes entre 13 y 18 a\u00f1os.<\/p>\n\n\n\n<p>En el primer c\u00f3nclave estuvieron presentes funcionarios del Poder Ejecutivo que defendieron la propuesta de bajar la edad de imputabilidad a los 13 a\u00f1os, punto central en el que los proyectos de los diputados difieren entre s\u00ed, hecho que qued\u00f3 reflejado en la segunda reuni\u00f3n.<\/p>\n\n\n\n<p>El gobierno nacional buca bajar a 13 a\u00f1os la edad de imputabilidad. La iniciativa del nuevo R\u00e9gimen Penal Juvenil Penal prev\u00e9 que la pena m\u00e1xima para los menores condenados por la Justicia ser\u00e1 de 20 a\u00f1os, aunque prev\u00e9 que aquel monto sea la \u201cregla aplicable aun si la escala penal fuera m\u00e1s elevada, producto de la concurrencia real de varios hechos independientes\u201d.<\/p>\n\n\n\n<p>La presentaci\u00f3n en sociedad del proyecto estuvo a cargo de los ministros de Justicia y Seguridad de la Naci\u00f3n, Mariano C\u00faneo Libarona y Patricia Bullrich, respectivamente.<\/p>\n","protected":false},"excerpt":{"rendered":"<p>El martes 13 retomar&aacute; el debate del proyecto de reforma del R&eacute;gimen Penal Juvenil que envi&oacute; el Poder Ejecutivo al Congreso. Diputados autores de proyectos continuar&aacute;n exponiendo en comisi&oacute;n. La iniciativa propone bajar a 13 a&ntilde;os la edad de imputabilidad. El proyecto, se ser aprobado, establece un nuevo r&eacute;gimen penal para los adolescentes de entre [&hellip;]<\/p>\n","protected":false},"author":2,"featured_media":5925,"comment_status":"open","ping_status":"open","sticky":false,"template":"","format":"standard","meta":{"footnotes":""},"categories":[5,176],"tags":[1059,310,2527,2526,804,2524],"class_list":["post-5924","post","type-post","status-publish","format-standard","has-post-thumbnail","hentry","category-nacionales","category-politica","tag-debate","tag-diputados","tag-laura-rodriguez-machado","tag-penal","tag-proyecto","tag-regimel"],"_links":{"self":[{"href":"https:\/\/partediario.com.ar\/index.php?rest_route=\/wp\/v2\/posts\/5924","targetHints":{"allow":["GET"]}}],"collection":[{"href":"https:\/\/partediario.com.ar\/index.php?rest_route=\/wp\/v2\/posts"}],"about":[{"href":"https:\/\/partediario.com.ar\/index.php?rest_route=\/wp\/v2\/types\/post"}],"author":[{"embeddable":true,"href":"https:\/\/partediario.com.ar\/index.php?rest_route=\/wp\/v2\/users\/2"}],"replies":[{"embeddable":true,"href":"https:\/\/partediario.com.ar\/index.php?rest_route=%2Fwp%2Fv2%2Fcomments&post=5924"}],"version-history":[{"count":1,"href":"https:\/\/partediario.com.ar\/index.php?rest_route=\/wp\/v2\/posts\/5924\/revisions"}],"predecessor-version":[{"id":5926,"href":"https:\/\/partediario.com.ar\/index.php?rest_route=\/wp\/v2\/posts\/5924\/revisions\/5926"}],"wp:featuredmedia":[{"embeddable":true,"href":"https:\/\/partediario.com.ar\/index.php?rest_route=\/wp\/v2\/media\/5925"}],"wp:attachment":[{"href":"https:\/\/partediario.com.ar\/index.php?rest_route=%2Fwp%2Fv2%2Fmedia&parent=5924"}],"wp:term":[{"taxonomy":"category","embeddable":true,"href":"https:\/\/partediario.com.ar\/index.php?rest_route=%2Fwp%2Fv2%2Fcategories&post=5924"},{"taxonomy":"post_tag","embeddable":true,"href":"https:\/\/partediario.com.ar\/index.php?rest_route=%2Fwp%2Fv2%2Ftags&post=5924"}],"curies":[{"name":"wp","href":"https:\/\/api.w.org\/{rel}","templated":true}]}}