{"id":5927,"date":"2024-08-12T19:37:42","date_gmt":"2024-08-12T22:37:42","guid":{"rendered":"https:\/\/partediario.com.ar\/?p=5927"},"modified":"2024-08-12T19:42:38","modified_gmt":"2024-08-12T22:42:38","slug":"ee-uu-moviliza-sus-fuerzas-en-medio-oriente-tras-el-comunicado-de-iran","status":"publish","type":"post","link":"https:\/\/partediario.com.ar\/?p=5927","title":{"rendered":"EE.UU moviliza sus fuerzas en Medio Oriente tras el comunicado de Ir\u00e1n"},"content":{"rendered":"\n<h3 class=\"wp-block-heading\">El presidente de Estados Unidos, Joe Biden, y los gobernantes de Francia, Alemania, Italia y Reino Unido solicitaron a Ir\u00e1n -en un comunicado conjunto que se conoci\u00f3 este lunes-, que \u201crenuncie\u201d a sus amenazas de atacar a Israel.<\/h3>\n\n\n\n<p>El pedido se da en momentos en los que la Casa Blanca alert\u00f3 sobre un posible e \u201cimportante\u201d ataque de Teher\u00e1n y sus aliados contra Israel tras el asesinato de altos cargos de Hamas y Hezbollah.<\/p>\n\n\n\n<p>Los gobernantes en una nota publicada tras una conversaci\u00f3n telef\u00f3nica conjunta, instaron \u201ca Ir\u00e1n a renunciar a sus continuas amenazas de un ataque militar contra Israel y discutimos las serias consecuencias para la seguridad regional que podr\u00eda haber si eso ocurre\u201d.<\/p>\n\n\n\n<p>\u201cDebemos estar preparados para lo que puede ser una serie de ataques significativos\u201d, esxpres\u00f3 el vocero del Consejo de Seguridad Nacional de la Casa Blanca, John Kirby. \u201cCompartimos las mismas preocupaciones y expectativas que tienen nuestras contrapartes israel\u00edes sobre los potenciales plazos, podr\u00eda ser esta semana\u201d, agreg\u00f3.<\/p>\n\n\n\n<p>Estados Unidos y otros aliados est\u00e1n presionando a Israel y Hamas para que alcancen un cese el fuego &#8211; que se discutir\u00e1 el jueves en negociaciones- que pueda ayudar a contener las enormes tensiones en la regi\u00f3n tras los asesinatos del l\u00edder pol\u00edtico de Hamas Ismail Haniyeh en Teher\u00e1n y de un comandante de Hezbollah en Beirut, sumado a los constantes ataques de las fuerzas militares de Israel a objetivos civiles en la franja de Gaza.<\/p>\n\n\n\n<p>Las autoridades estaban atentas a ataques de represalia tanto de Ir\u00e1n como de Hezbollah por los asesinatos, y Estados Unidos ha ido reforzando su presencia militar en la regi\u00f3n.<\/p>\n","protected":false},"excerpt":{"rendered":"<p>El presidente de Estados Unidos, Joe Biden, y los gobernantes de Francia, Alemania, Italia y Reino Unido solicitaron a Ir&aacute;n -en un comunicado conjunto que se conoci&oacute; este lunes-, que &ldquo;renuncie&rdquo; a sus amenazas de atacar a Israel. El pedido se da en momentos en los que la Casa Blanca alert&oacute; sobre un posible e [&hellip;]<\/p>\n","protected":false},"author":2,"featured_media":5928,"comment_status":"open","ping_status":"open","sticky":false,"template":"","format":"standard","meta":{"footnotes":""},"categories":[9],"tags":[467,2529,1844,235,1096],"class_list":["post-5927","post","type-post","status-publish","format-standard","has-post-thumbnail","hentry","category-internacionales","tag-estados-unidos","tag-fuerzas","tag-iran","tag-israel","tag-militares"],"_links":{"self":[{"href":"https:\/\/partediario.com.ar\/index.php?rest_route=\/wp\/v2\/posts\/5927","targetHints":{"allow":["GET"]}}],"collection":[{"href":"https:\/\/partediario.com.ar\/index.php?rest_route=\/wp\/v2\/posts"}],"about":[{"href":"https:\/\/partediario.com.ar\/index.php?rest_route=\/wp\/v2\/types\/post"}],"author":[{"embeddable":true,"href":"https:\/\/partediario.com.ar\/index.php?rest_route=\/wp\/v2\/users\/2"}],"replies":[{"embeddable":true,"href":"https:\/\/partediario.com.ar\/index.php?rest_route=%2Fwp%2Fv2%2Fcomments&post=5927"}],"version-history":[{"count":1,"href":"https:\/\/partediario.com.ar\/index.php?rest_route=\/wp\/v2\/posts\/5927\/revisions"}],"predecessor-version":[{"id":5929,"href":"https:\/\/partediario.com.ar\/index.php?rest_route=\/wp\/v2\/posts\/5927\/revisions\/5929"}],"wp:featuredmedia":[{"embeddable":true,"href":"https:\/\/partediario.com.ar\/index.php?rest_route=\/wp\/v2\/media\/5928"}],"wp:attachment":[{"href":"https:\/\/partediario.com.ar\/index.php?rest_route=%2Fwp%2Fv2%2Fmedia&parent=5927"}],"wp:term":[{"taxonomy":"category","embeddable":true,"href":"https:\/\/partediario.com.ar\/index.php?rest_route=%2Fwp%2Fv2%2Fcategories&post=5927"},{"taxonomy":"post_tag","embeddable":true,"href":"https:\/\/partediario.com.ar\/index.php?rest_route=%2Fwp%2Fv2%2Ftags&post=5927"}],"curies":[{"name":"wp","href":"https:\/\/api.w.org\/{rel}","templated":true}]}}