{"id":5931,"date":"2024-08-12T19:45:53","date_gmt":"2024-08-12T22:45:53","guid":{"rendered":"https:\/\/partediario.com.ar\/?p=5931"},"modified":"2024-08-12T19:45:55","modified_gmt":"2024-08-12T22:45:55","slug":"jujuy-sadir-acompano-a-productores-de-la-agricultura-familiar","status":"publish","type":"post","link":"https:\/\/partediario.com.ar\/?p=5931","title":{"rendered":"Jujuy: Sadir acompa\u00f1\u00f3 a productores de la agricultura familiar"},"content":{"rendered":"\n<h3 class=\"wp-block-heading\">En el predio de Ciudad Cultural, se concret\u00f3 el 6\u00b0 Encuentro Provincial de Ferias Campesinas, evento que posibilit\u00f3 que productores de las cuatro regiones logren comercializar y difundir su experiencia de trabajo. El gobernador Carlos Sadir recorri\u00f3 la exposici\u00f3n en su \u00faltima jornada.<\/h3>\n\n\n\n<p>Durante su visita, el mandatario se interioriz\u00f3 sobre la muestra que reuni\u00f3 a m\u00e1s de 200 productores y emprendedores de las zonas de la Quebrada, Puna, Valles y Yungas, con la finalidad de favorecer a la econom\u00eda popular y acercar a los consumidores productos de la agricultura regional local.<\/p>\n\n\n\n<p><\/p>\n\n\n\n<figure class=\"wp-block-image size-large\"><img loading=\"lazy\" decoding=\"async\" width=\"1024\" height=\"683\" src=\"https:\/\/partediario.com.ar\/wp-content\/uploads\/sadir-acompano-productores-la-agricultura-familiar-1-1024x683.webp\" alt=\"\" class=\"wp-image-5932\" srcset=\"https:\/\/partediario.com.ar\/wp-content\/uploads\/sadir-acompano-productores-la-agricultura-familiar-1-1024x683.webp 1024w, https:\/\/partediario.com.ar\/wp-content\/uploads\/sadir-acompano-productores-la-agricultura-familiar-1-300x200.webp 300w, https:\/\/partediario.com.ar\/wp-content\/uploads\/sadir-acompano-productores-la-agricultura-familiar-1-768x512.webp 768w, https:\/\/partediario.com.ar\/wp-content\/uploads\/sadir-acompano-productores-la-agricultura-familiar-1.webp 1200w\" sizes=\"auto, (max-width: 1024px) 100vw, 1024px\" \/><\/figure>\n\n\n\n<p><\/p>\n\n\n\n<p>Luego de dialogar con los productores, el gobernador expres\u00f3 que \u201cac\u00e1 hay varios que trabajan la tierra y lograron vender sus productos de forma directa, con buena aceptaci\u00f3n del p\u00fablico\u201d.<\/p>\n\n\n\n<p><\/p>\n\n\n\n<figure class=\"wp-block-image size-large\"><img loading=\"lazy\" decoding=\"async\" width=\"1024\" height=\"575\" src=\"https:\/\/partediario.com.ar\/wp-content\/uploads\/sadir-acompano-productores-la-agricultura-familiar-2-1024x575.webp\" alt=\"\" class=\"wp-image-5933\" srcset=\"https:\/\/partediario.com.ar\/wp-content\/uploads\/sadir-acompano-productores-la-agricultura-familiar-2-1024x575.webp 1024w, https:\/\/partediario.com.ar\/wp-content\/uploads\/sadir-acompano-productores-la-agricultura-familiar-2-300x169.webp 300w, https:\/\/partediario.com.ar\/wp-content\/uploads\/sadir-acompano-productores-la-agricultura-familiar-2-768x431.webp 768w, https:\/\/partediario.com.ar\/wp-content\/uploads\/sadir-acompano-productores-la-agricultura-familiar-2.webp 1200w\" sizes=\"auto, (max-width: 1024px) 100vw, 1024px\" \/><\/figure>\n\n\n\n<p><\/p>\n\n\n\n<p>Resalt\u00f3 que \u201chay un pedido de todos los productores y emprendedores de seguir replicando esta feria\u201d y a\u00f1adi\u00f3 que \u201cla idea es acompa\u00f1arlos y que puedan estar una vez al mes\u201d.<\/p>\n\n\n\n<p>Continuando, apunt\u00f3 que \u201caqu\u00ed hay productores de lugares muy alejados de San Salvador. Hay gente de Susques, Palca de Aparzo, Maimar\u00e1 y Humahuaca, entre otros\u201d. \u201cAqu\u00ed se ven excelentes productos ni hablar de los precios que son accesibles\u201d, enfatiz\u00f3.<\/p>\n\n\n\n<p>Por su parte, Inocencia Zapana, integrante del Movimiento Campesino Ind\u00edgena Pucar\u00e1, coment\u00f3 que \u201cgracias a la ayuda del gobierno hicimos esta feria\u201d y subray\u00f3 que \u201cvendimos bien nuestros productos estos d\u00edas, por eso la idea es que se sumen m\u00e1s productores\u201d.<\/p>\n\n\n\n<p>Cabe indicar que, en esta edici\u00f3n, el encuentro cont\u00f3 con la participaci\u00f3n de 248 productores de cultivo y artesanos de tejido, bordado y cuero, entre otros rubros.<\/p>\n\n\n\n<p><\/p>\n\n\n\n<figure class=\"wp-block-embed is-type-video is-provider-youtube wp-block-embed-youtube wp-embed-aspect-16-9 wp-has-aspect-ratio\"><div class=\"wp-block-embed__wrapper\">\n<iframe loading=\"lazy\" title=\"SADIR EN LA FERIA CAMPESINA\" width=\"640\" height=\"360\" src=\"https:\/\/www.youtube.com\/embed\/HjYe7IJLExE?feature=oembed\" frameborder=\"0\" allow=\"accelerometer; autoplay; clipboard-write; encrypted-media; gyroscope; picture-in-picture; web-share\" referrerpolicy=\"strict-origin-when-cross-origin\" allowfullscreen><\/iframe>\n<\/div><\/figure>\n","protected":false},"excerpt":{"rendered":"<p>En el predio de Ciudad Cultural, se concret&oacute; el 6&deg; Encuentro Provincial de Ferias Campesinas, evento que posibilit&oacute; que productores de las cuatro regiones logren comercializar y difundir su experiencia de trabajo. El gobernador Carlos Sadir recorri&oacute; la exposici&oacute;n en su &uacute;ltima jornada. Durante su visita, el mandatario se interioriz&oacute; sobre la muestra que reuni&oacute; [&hellip;]<\/p>\n","protected":false},"author":2,"featured_media":5934,"comment_status":"open","ping_status":"open","sticky":false,"template":"","format":"standard","meta":{"footnotes":""},"categories":[5,176],"tags":[2531,2530,2532,753],"class_list":["post-5931","post","type-post","status-publish","format-standard","has-post-thumbnail","hentry","category-nacionales","category-politica","tag-agricultura-familiar","tag-carlos-sadir","tag-ferias-campesinas","tag-jujuy"],"_links":{"self":[{"href":"https:\/\/partediario.com.ar\/index.php?rest_route=\/wp\/v2\/posts\/5931","targetHints":{"allow":["GET"]}}],"collection":[{"href":"https:\/\/partediario.com.ar\/index.php?rest_route=\/wp\/v2\/posts"}],"about":[{"href":"https:\/\/partediario.com.ar\/index.php?rest_route=\/wp\/v2\/types\/post"}],"author":[{"embeddable":true,"href":"https:\/\/partediario.com.ar\/index.php?rest_route=\/wp\/v2\/users\/2"}],"replies":[{"embeddable":true,"href":"https:\/\/partediario.com.ar\/index.php?rest_route=%2Fwp%2Fv2%2Fcomments&post=5931"}],"version-history":[{"count":1,"href":"https:\/\/partediario.com.ar\/index.php?rest_route=\/wp\/v2\/posts\/5931\/revisions"}],"predecessor-version":[{"id":5935,"href":"https:\/\/partediario.com.ar\/index.php?rest_route=\/wp\/v2\/posts\/5931\/revisions\/5935"}],"wp:featuredmedia":[{"embeddable":true,"href":"https:\/\/partediario.com.ar\/index.php?rest_route=\/wp\/v2\/media\/5934"}],"wp:attachment":[{"href":"https:\/\/partediario.com.ar\/index.php?rest_route=%2Fwp%2Fv2%2Fmedia&parent=5931"}],"wp:term":[{"taxonomy":"category","embeddable":true,"href":"https:\/\/partediario.com.ar\/index.php?rest_route=%2Fwp%2Fv2%2Fcategories&post=5931"},{"taxonomy":"post_tag","embeddable":true,"href":"https:\/\/partediario.com.ar\/index.php?rest_route=%2Fwp%2Fv2%2Ftags&post=5931"}],"curies":[{"name":"wp","href":"https:\/\/api.w.org\/{rel}","templated":true}]}}