{"id":5936,"date":"2024-08-12T22:15:36","date_gmt":"2024-08-13T01:15:36","guid":{"rendered":"https:\/\/partediario.com.ar\/?p=5936"},"modified":"2024-08-12T22:15:37","modified_gmt":"2024-08-13T01:15:37","slug":"luis-delia-dijo-que-alberto-fernandez-es-un-cadaver-politico","status":"publish","type":"post","link":"https:\/\/partediario.com.ar\/?p=5936","title":{"rendered":"Luis D\u00b4El\u00eda dijo que Alberto Fern\u00e1ndez es un \u00abcad\u00e1ver pol\u00edtico\u00bb"},"content":{"rendered":"\n<h3 class=\"wp-block-heading\">\u00abHay una palabra que Alberto no conoce: dignidad\u00bb, dispar\u00f3 el l\u00edder piquetero contra el expresidente.<\/h3>\n\n\n\n<p>D\u00edas despu\u00e9s de relatar detalles de una charla que mantuvo con Alberto Fern\u00e1ndez en medio de las acusaciones de Fabiola Y\u00e1\u00f1ez, Luis D\u00b4El\u00eda apunt\u00f3 nuevamente contra el expresidente y lo tild\u00f3 de \u00abnarcisista, manipulador y golpeador\u00bb.<\/p>\n\n\n\n<p><\/p>\n\n\n\n<blockquote class=\"twitter-tweet\" data-media-max-width=\"560\"><p lang=\"zxx\" dir=\"ltr\"><a href=\"https:\/\/t.co\/tcA6w7qlFL\">pic.twitter.com\/tcA6w7qlFL<\/a><\/p>&mdash; Luis D&#39;Elia (@Luis_Delia) <a href=\"https:\/\/twitter.com\/Luis_Delia\/status\/1823158557866692800?ref_src=twsrc%5Etfw\">August 13, 2024<\/a><\/blockquote> <script async src=\"https:\/\/platform.twitter.com\/widgets.js\" charset=\"utf-8\"><\/script>\n\n\n\n<p><\/p>\n\n\n\n<p>En la oportunidad, el piquetero hab\u00eda dicho en su cuenta de X que si \u00abFern\u00e1ndez tiene un poco de dignidad, tiene que encerrarse en su dormitorio, hacerle una carta pidiendo perd\u00f3n a Fabiola, a sus hijos, a sus compa\u00f1eros y al pueblo argentino, y pegarse un tiro en la cabeza\u00bb.<\/p>\n\n\n\n<p>Este lunes en declaraciones radiales, D\u00b4El\u00eda redobl\u00f3 la apuesta y fue por m\u00e1s: \u00abLeandro Alem, Lisandro de la Torre, Ren\u00e9 Favaloro, Alan Garc\u00eda P\u00e9rez, Salvador Allende, todos ellos en momentos l\u00edmites de la historia, arrinconados y acorralados por distintas cuestiones, buscaron dignidad. Encontraron una palabra que Alberto Fern\u00e1ndez no conoce y que se llama dignidad\u00bb, se\u00f1al\u00f3.<\/p>\n\n\n\n<p>\u00abMe equivoqu\u00e9 en realidad cuando dije eso, porque el tiro ya se lo peg\u00f3. Hoy es un cad\u00e1ver pol\u00edtico que transita las calles de la Argentina\u00bb, expres\u00f3.<\/p>\n\n\n\n<p>Consultado sobre sus pol\u00e9micos dichos, por los que fue denunciado por incitaci\u00f3n el suicidio, D\u00b4El\u00eda intent\u00f3 minimizar el asunto: \u00abEso no tiene ninguna identidad siempre y cuando \u00e9l no intente suicidarse o se suicide\u00bb.<\/p>\n\n\n\n<p>\u00abSi a Fabiola, que era la primera dama del Presidente de la Rep\u00fablica, le pasa eso, \u00bfqu\u00e9 puede esperar una compa\u00f1era m\u00eda de Laferrere? \u00bfQu\u00e9 puede pasar con cualquier mujer argentina? Es una cosa horrible que nos hace quedar mal a todos. Despu\u00e9s vienen los caranchos que intentan manipular esto. Me dio mucho asco y mucha verg\u00fcenza lo que hizo\u00bb, concluy\u00f3.<\/p>\n","protected":false},"excerpt":{"rendered":"<p>&laquo;Hay una palabra que Alberto no conoce: dignidad&raquo;, dispar&oacute; el l&iacute;der piquetero contra el expresidente. D&iacute;as despu&eacute;s de relatar detalles de una charla que mantuvo con Alberto Fern&aacute;ndez en medio de las acusaciones de Fabiola Y&aacute;&ntilde;ez, Luis D&acute;El&iacute;a apunt&oacute; nuevamente contra el expresidente y lo tild&oacute; de &laquo;narcisista, manipulador y golpeador&raquo;. pic.twitter.com\/tcA6w7qlFL &mdash; Luis D&#8217;Elia [&hellip;]<\/p>\n","protected":false},"author":2,"featured_media":5937,"comment_status":"open","ping_status":"open","sticky":false,"template":"","format":"standard","meta":{"footnotes":""},"categories":[979,5,176],"tags":[517,2534,2536,2409,2533,666],"class_list":["post-5936","post","type-post","status-publish","format-standard","has-post-thumbnail","hentry","category-judiciales","category-nacionales","category-politica","tag-alberto-fernandez","tag-cadaver","tag-cadaver-2","tag-fabiola-yanez-2","tag-luis-delia","tag-politico"],"_links":{"self":[{"href":"https:\/\/partediario.com.ar\/index.php?rest_route=\/wp\/v2\/posts\/5936","targetHints":{"allow":["GET"]}}],"collection":[{"href":"https:\/\/partediario.com.ar\/index.php?rest_route=\/wp\/v2\/posts"}],"about":[{"href":"https:\/\/partediario.com.ar\/index.php?rest_route=\/wp\/v2\/types\/post"}],"author":[{"embeddable":true,"href":"https:\/\/partediario.com.ar\/index.php?rest_route=\/wp\/v2\/users\/2"}],"replies":[{"embeddable":true,"href":"https:\/\/partediario.com.ar\/index.php?rest_route=%2Fwp%2Fv2%2Fcomments&post=5936"}],"version-history":[{"count":1,"href":"https:\/\/partediario.com.ar\/index.php?rest_route=\/wp\/v2\/posts\/5936\/revisions"}],"predecessor-version":[{"id":5938,"href":"https:\/\/partediario.com.ar\/index.php?rest_route=\/wp\/v2\/posts\/5936\/revisions\/5938"}],"wp:featuredmedia":[{"embeddable":true,"href":"https:\/\/partediario.com.ar\/index.php?rest_route=\/wp\/v2\/media\/5937"}],"wp:attachment":[{"href":"https:\/\/partediario.com.ar\/index.php?rest_route=%2Fwp%2Fv2%2Fmedia&parent=5936"}],"wp:term":[{"taxonomy":"category","embeddable":true,"href":"https:\/\/partediario.com.ar\/index.php?rest_route=%2Fwp%2Fv2%2Fcategories&post=5936"},{"taxonomy":"post_tag","embeddable":true,"href":"https:\/\/partediario.com.ar\/index.php?rest_route=%2Fwp%2Fv2%2Ftags&post=5936"}],"curies":[{"name":"wp","href":"https:\/\/api.w.org\/{rel}","templated":true}]}}