{"id":5939,"date":"2024-08-12T22:23:03","date_gmt":"2024-08-13T01:23:03","guid":{"rendered":"https:\/\/partediario.com.ar\/?p=5939"},"modified":"2024-08-12T22:23:09","modified_gmt":"2024-08-13T01:23:09","slug":"el-dificil-panorama-del-sector-hotelero-pasadas-las-vacaciones-de-invierno","status":"publish","type":"post","link":"https:\/\/partediario.com.ar\/?p=5939","title":{"rendered":"El dif\u00edcil panorama del sector hotelero pasadas las vacaciones de invierno"},"content":{"rendered":"\n<h3 class=\"wp-block-heading\">Tras la temporada alta que significaron las vacaciones de invierno, el sector hotelero muestran una nueva baja en la actividad respecto al a\u00f1o pasado.<\/h3>\n\n\n\n<p>Despu\u00e9s de la buena \u00e9poca que se vivi\u00f3 en los \u00faltimos tiempos con el arribo de muchos turistas del exterior, especialmente de Chile, Brasil y Uruguay, por la ventaja cambiaria, desde hace meses el panorama en el sector hotelero es diametralmente opuesto.<\/p>\n\n\n\n<p>A esto se suma la p\u00e9rdida del poder adquisitivo de los argentinos. Hay una porci\u00f3n muy chica de la sociedad que tiene posibilidad de pensar en destinar dinero para hacer turismo por el pa\u00eds.<\/p>\n\n\n\n<p>Adem\u00e1s los que cuentan con recursos comienzan a hacer cuentas y encuentran que, por el actual valor del d\u00f3lar y los altos precios internos, los destinos internacionales aparecen como m\u00e1s atractivos.<\/p>\n\n\n\n<p>El principal destino tur\u00edstico invernal fue ejemplo de esta situaci\u00f3n.<\/p>\n\n\n\n<p>Para las vacaciones de invierno, hoteles de 3 estrellas, en Bariloche, costaban entre $1.500.000 y $2.000.000, en base a habitaci\u00f3n doble por siete noches, seg\u00fan el portal Booking.<\/p>\n\n\n\n<p>Al cambio \u201cblue\u201d de mayo o junio \u2013meses en los que se contratan los hoteles para julio \u2013 equival\u00edan a alrededor de u$s200.<\/p>\n\n\n\n<p>En centros de esqu\u00ed de nivel internacional de Europa, como Cortina D\u2019Ampezzo o Andorra, se consiguen hoteles de similares categor\u00eda a valores parecidos para el invierno del hemisferio norte.<\/p>\n\n\n\n<p>En el centro de esqu\u00ed del Cerro Catedral, en temporada alta, como julio y agosto, el 40% de los turistas son extranjeros (la mayor\u00eda brasile\u00f1os) y el resto argentinos.<\/p>\n\n\n\n<p>Los \u00faltimos datos de la actividad aerocomercial de cabotaje muestran una baja de la demanda. En junio, por tercer mes consecutivo, la cantidad de pasajeros transportados dentro del pa\u00eds se ubic\u00f3 por debajo del mismo mes del 2023.<\/p>\n\n\n\n<p>A pesar de haber sido un mes con dos fines de semana largos que buscaron dar un est\u00edmulo adicional al turismo.<\/p>\n\n\n\n<p>En ese momento, las estimaciones de distintas c\u00e1maras sectoriales ofrec\u00edan datos diversos. Algunas indicaban un aumento de la demanda y otras hablaban de un enfriamiento.<\/p>\n\n\n\n<p>\u201cHemos tenido un buen fin de semana en t\u00e9rminos tur\u00edsticos con destinos a lo largo del pa\u00eds que reflejaron una ocupaci\u00f3n por encima del 70%\u00bb, asever\u00f3, en ese momento, el presidente de la C\u00e1mara Argentina de Turismo, Gustavo Hani.<\/p>\n\n\n\n<p>La entidad subray\u00f3 ocupaciones altas en varios de los principales puntos tur\u00edsticos del pa\u00eds. Por ejemplo, de un 73% en Bariloche, 81% en la ciudad de Salta, 72% en Ushuaia, 70% en Mar del Plata, 82% en Termas del R\u00edo Hondo y 83% en la ciudad de Mendoza, entre otros.<\/p>\n\n\n\n<p>Por su parte, la Confederaci\u00f3n Argentina de la Mediana Empresa (CAME) hab\u00eda informado que durante el fin de semana largo del 17 de junio hubo una ca\u00edda del turismo del 64,3% en comparaci\u00f3n con el 2023.<\/p>\n\n\n\n<p>Mientras que la Administraci\u00f3n Nacional de Aviaci\u00f3n Civil (ANAC) termin\u00f3 con la pol\u00e9mica al difundir las cifras oficiales del movimiento a\u00e9reo de ese mes.<\/p>\n\n\n\n<p>La cantidad de pasajeros transportados en vuelos de cabotaje cay\u00f3 21,7% en junio respecto a igual mes del a\u00f1o pasado.<\/p>\n\n\n\n<p>Tras el cierre de las operaciones por la pandemia, el mercado a\u00e9reo vino creciendo, mes a mes, contra el a\u00f1o anterior hasta abril, que tuvo una baja de 10,3%. En mayo la baja fue de 22.9% y ahora se suma la de junio.<\/p>\n\n\n\n<p>Julio fue un mes de mayor actividad por el efecto de las vacaciones de invierno, pero los n\u00fameros no fueron positivos. Cerca de 4,9 millones de turistas se movilizaron por las vacaciones de invierno, lo que representa una ca\u00edda de 11,9% respecto al a\u00f1o pasado, seg\u00fan inform\u00f3 la Confederaci\u00f3n Argentina de la Mediana Empresa (CAME).<\/p>\n\n\n\n<p>El gasto total ascendi\u00f3 a $ 1,2 billones en las ciudades que integran el circuito tur\u00edstico del pa\u00eds, lo que implica una ca\u00edda de 22,2% con relaci\u00f3n a 2023 a precios constantes.<\/p>\n\n\n\n<p>La preocupaci\u00f3n en el sector hotelero est\u00e1 centrada en el per\u00edodo actual hasta la llegada de la pr\u00f3xima temporada alta. Agosto es, para algunos destinos, temporada media. Para otros, es temporada baja.<\/p>\n\n\n\n<p>De acuerdo a los primeros relevamientos que est\u00e1 realizando la Asociaci\u00f3n de Hoteles de Turismo de la Rep\u00fablica Argentina (AHT), la situaci\u00f3n no mejora.<\/p>\n\n\n\n<p>\u201cEfectivamente, estamos con una demanda menor que en otras temporadas para esta \u00e9poca del a\u00f1o\u201d, confirmaron desde la entidad.<\/p>\n\n\n\n<p>La baja interanual rondar\u00eda el 10%, pero hay que tener en cuenta que agosto del a\u00f1o pasado no hab\u00eda sido un buen mes por el condicionamiento que gener\u00f3 el clima pol\u00edtico por las PASO.<\/p>\n\n\n\n<p>Los motivos de esta baja est\u00e1n relacionados con dos factores principales.<\/p>\n\n\n\n<p>\u201cLa combinaci\u00f3n de la situaci\u00f3n econ\u00f3mica interna y el hecho de que hayamos dejado de tener esa ventaja competitiva con la brecha cambiaria est\u00e1n generando esta menor actividad\u201d, a\u00f1adieron desde la AHT.<\/p>\n","protected":false},"excerpt":{"rendered":"<p>Tras la temporada alta que significaron las vacaciones de invierno, el sector hotelero muestran una nueva baja en la actividad respecto al a&ntilde;o pasado. Despu&eacute;s de la buena &eacute;poca que se vivi&oacute; en los &uacute;ltimos tiempos con el arribo de muchos turistas del exterior, especialmente de Chile, Brasil y Uruguay, por la ventaja cambiaria, desde [&hellip;]<\/p>\n","protected":false},"author":2,"featured_media":5940,"comment_status":"open","ping_status":"open","sticky":false,"template":"","format":"standard","meta":{"footnotes":""},"categories":[5,726],"tags":[2540,1086,2539,1431],"class_list":["post-5939","post","type-post","status-publish","format-standard","has-post-thumbnail","hentry","category-nacionales","category-sociedad","tag-hotelero","tag-invierno","tag-panorama","tag-vacaciones"],"_links":{"self":[{"href":"https:\/\/partediario.com.ar\/index.php?rest_route=\/wp\/v2\/posts\/5939","targetHints":{"allow":["GET"]}}],"collection":[{"href":"https:\/\/partediario.com.ar\/index.php?rest_route=\/wp\/v2\/posts"}],"about":[{"href":"https:\/\/partediario.com.ar\/index.php?rest_route=\/wp\/v2\/types\/post"}],"author":[{"embeddable":true,"href":"https:\/\/partediario.com.ar\/index.php?rest_route=\/wp\/v2\/users\/2"}],"replies":[{"embeddable":true,"href":"https:\/\/partediario.com.ar\/index.php?rest_route=%2Fwp%2Fv2%2Fcomments&post=5939"}],"version-history":[{"count":1,"href":"https:\/\/partediario.com.ar\/index.php?rest_route=\/wp\/v2\/posts\/5939\/revisions"}],"predecessor-version":[{"id":5941,"href":"https:\/\/partediario.com.ar\/index.php?rest_route=\/wp\/v2\/posts\/5939\/revisions\/5941"}],"wp:featuredmedia":[{"embeddable":true,"href":"https:\/\/partediario.com.ar\/index.php?rest_route=\/wp\/v2\/media\/5940"}],"wp:attachment":[{"href":"https:\/\/partediario.com.ar\/index.php?rest_route=%2Fwp%2Fv2%2Fmedia&parent=5939"}],"wp:term":[{"taxonomy":"category","embeddable":true,"href":"https:\/\/partediario.com.ar\/index.php?rest_route=%2Fwp%2Fv2%2Fcategories&post=5939"},{"taxonomy":"post_tag","embeddable":true,"href":"https:\/\/partediario.com.ar\/index.php?rest_route=%2Fwp%2Fv2%2Ftags&post=5939"}],"curies":[{"name":"wp","href":"https:\/\/api.w.org\/{rel}","templated":true}]}}