{"id":5946,"date":"2024-08-13T09:08:39","date_gmt":"2024-08-13T12:08:39","guid":{"rendered":"https:\/\/partediario.com.ar\/?p=5946"},"modified":"2024-08-13T09:08:41","modified_gmt":"2024-08-13T12:08:41","slug":"alberto-fernandez-reconocio-que-las-discusiones-con-fabiola-yanez-fueron-frecuentes-y-pudo-haber-violencia-verbal","status":"publish","type":"post","link":"https:\/\/partediario.com.ar\/?p=5946","title":{"rendered":"Alberto Fern\u00e1ndez reconoci\u00f3 que las discusiones con Fabiola Ya\u00f1ez fueron frecuentes y pudo haber violencia verbal"},"content":{"rendered":"\n<h3 class=\"wp-block-heading\">El expresidente argentino Alberto Fern\u00e1ndez ha pasado los \u00faltimos d\u00edas encerrado en su departamento, una torre de lujo en el barrio de Puerto Madero, a pocos metros de la Casa Rosada.<\/h3>\n\n\n\n<p>Desde que su expareja y la madre de su segundo hijo, Fabiola Ya\u00f1ez, lo denunci\u00f3 por violencia de g\u00e9nero y acoso psicol\u00f3gico, todas las cortinas est\u00e1n corridas para evitar que los drones que sobrevuelan las ventanas puedan captar alguna imagen de su intimidad, cualquier detalle de su derrumbe personal y pol\u00edtico. EL Pa\u00eds solicit\u00f3 hablar con Fern\u00e1ndez antes de que se difundieran las fotos que muestran a Ya\u00f1ez con un ojo morado y un brazo con moretones. Las fotos son una de las pruebas que figuran en el expediente contra Fern\u00e1ndez. Este peri\u00f3dico contact\u00f3 con el entorno de la ex primera dama para tener su testimonio antes de publicar la entrevista. La respuesta fue negativa.<\/p>\n\n\n\n<p>Acompa\u00f1ado por la abogada Mariana Arce, Fern\u00e1ndez dio el viernes a este diario la primera entrevista desde que estall\u00f3 el esc\u00e1ndalo. Niega haber pegado a Ya\u00f1ez y afirma que \u201calguien la incentiv\u00f3 a denunciarlo\u201d, dos respuestas que, seg\u00fan los especialistas, son comunes en los hombres acusados de violencia machista. Por una parte, la negaci\u00f3n de la denuncia y por otra, tratar con condescendencia a la denunciante al sugerir que no fue ella quien decidi\u00f3 iniciar acciones judiciales.<\/p>\n\n\n\n<p>Ya\u00f1ez, pese a la negativa de hablar con este diario, ha conversado con el portal argentino Infobae. En la entrevista, que se public\u00f3 el s\u00e1bado, se cuida de dar detalles de cuestiones que est\u00e1n bajo investigaci\u00f3n judicial, como las circunstancias de la violencia f\u00edsica contra ella. Adem\u00e1s hace referfencia a las infidelidades constantes de Fern\u00e1ndez y al calvario que supusieron para ella los cuatro a\u00f1os que comparti\u00f3 con el expresidente en la residencia presidencial de Olivos. Dice adem\u00e1s que pidi\u00f3 ayuda y no fue escuchada. \u201cA m\u00ed no me dejaban hablar. Cualquiera dijo de m\u00ed lo que quiso en televisi\u00f3n, en radio, en los diarios, en donde sea. Jam\u00e1s nadie sali\u00f3 a defenderme, nadie me defendi\u00f3\u201d, relata. \u201cOtra violencia a la que estuve sometida durante much\u00edsimo tiempo es el acoso telef\u00f3nico. Terrorismo psicol\u00f3gico. Esta persona estuvo durante dos meses -est\u00e1n todos los chats y muchas personas lo saben- amenaz\u00e1ndome d\u00eda por medio con que si yo hac\u00eda esto, si hac\u00eda lo otro, que se iba a suicidar. Eso no se hace, eso es un delito\u201d, a\u00f1ade.<\/p>\n\n\n\n<p>Parte de esa situaci\u00f3n de acoso psicol\u00f3gico fueron las constantes infidelidades del expresidente. Ya\u00f1ez dice que recib\u00eda en su tel\u00e9fono fotos que le enviaban las amantes de su pareja. \u201cPersonalmente, no las conozco. Algunas s\u00ed. \u00bfP\u00fablicamente? S\u00ed\u201d, se responde. Y relata un evento en el que se vio involucrado su hijo Francisco, quien entonces ten\u00eda menos de dos a\u00f1os. Ya\u00f1ez descubri\u00f3 casi por casualidad un video donde una reconocida periodista le dice \u201cte amo\u201d a Fern\u00e1ndez en su despacho de la Casa Rosada. \u201cEncontr\u00e9 todo en el tel\u00e9fono de mi hijo. Hab\u00eda otras fotos y hab\u00eda otras personas. \u00c9l comete el error o no s\u00e9, la desprolijidad, llam\u00e9moslo como queramos. Hab\u00eda un tel\u00e9fono que no se utilizaba y con ese tel\u00e9fono yo le pon\u00eda m\u00fasica para dormir a Francisco. Ese tel\u00e9fono un d\u00eda volviendo de Chapadmalal [donde est\u00e1 la residencia presidencial de verano] para que el nene estuviera tranquilo, le ponemos m\u00fasica y se lo damos. El nene, con un a\u00f1o y medio, ya sab\u00eda c\u00f3mo se maneja. Mi mam\u00e1, que estaba al lado de \u00e9l, le saca el tel\u00e9fono y me dice: \u2018Fabiola, \u00bfqu\u00e9 es esto?\u2019 Y me lo entrega. Hab\u00eda una foto de una mujer desnuda. Obviamente se la hab\u00edan enviado a \u00e9l. Y empiezo a mirar y descubro que estaban esos videos\u201d, relata.<\/p>\n\n\n\n<p>Fabiola Ya\u00f1ez cuenta tambi\u00e9n los d\u00edas que siguieron a la celebraci\u00f3n de su cumplea\u00f1os en la residencia de Olivos. Los argentinos se encontraban recluidos por la pandemia y la difusi\u00f3n de las fotos del encuentro sumieron al Gobierno de Fern\u00e1ndez en un descr\u00e9dito del que nunca pudo recuperarse. La primera reacci\u00f3n del presidente fue negar todo, para luego achacar la responsabilidad de la fiesta a \u201cmi querida Fabiola\u201d.<\/p>\n\n\n\n<p>\u201cEse fue otro juego psicol\u00f3gico que me hicieron. Como decir que perdieron las elecciones legislativas por mi culpa. Me lo repet\u00edan todos los d\u00edas. Porque \u00e9l se deslig\u00f3 de la responsabilidad de haber hecho esa reuni\u00f3n, haber estado ah\u00ed, haberlo hecho y echarme la culpa y decir que yo organic\u00e9 un brindis. Yo no organic\u00e9 ning\u00fan brindis (\u2026) Todos los d\u00edas se me repet\u00eda: \u2018Por culpa tuya. Perd\u00ed un gobierno por culpa tuya. Este gobierno perdi\u00f3 las elecciones por culpa tuya. Por culpa tuya. Por culpa tuya\u2019. \u00bfC\u00f3mo un gobierno va a caer por una foto m\u00eda? Por favor\u201d, se\u00f1ala Ya\u00f1ez.<\/p>\n\n\n\n<p>Fern\u00e1ndez, durante la entrevista con este peri\u00f3dico, niega la acusaci\u00f3n de Ya\u00f1ez y dice que no se lo \u201ctiene que contar a los diarios\u201d, sino \u201cprobarlo ante la justicia\u201d, y que la desmontar\u00e1 en los tribunales. Cuenta que los cuatro a\u00f1os de convivencia en Olivos estuvieron plagados de peleas, pero dice no recordar el d\u00eda que Ya\u00f1ez le recrimin\u00f3 que llevase tres d\u00edas golpe\u00e1ndola ni c\u00f3mo los chats y fotograf\u00edas que parecen incriminarlo llegaron al tel\u00e9fono de su secretaria privada. La causa contra \u00e9l avanza a gran velocidad: horas despu\u00e9s de la charla, la Polic\u00eda allan\u00f3 su departamento e incaut\u00f3 su tel\u00e9fono celular.<\/p>\n\n\n\n<p>Cuando se conoci\u00f3 la denuncia por violencia de g\u00e9nero, Alberto Fern\u00e1ndez neg\u00f3 los hechos en un comunicado y el jueves por la noche, los medios argentinos publicaron dos fotos en los que se la ve a Ya\u00f1ez con un golpe en el ojo y el brazo marcado, y chats donde lo responsabiliza por los golpes. \u201cYo sigo diciendo lo mismo\u201d, insiste el exmandatario argentino. \u201cEstoy siendo acusado de algo que no he hecho. No he golpeado a Fabiola. Nunca he golpeado a una mujer. Estuve 18 a\u00f1os con la madre de mi hijo mayor y 11 a\u00f1os con Vilma Ibarra [exsecretaria Legal y T\u00e9cnica de su presidencia] y nunca he tenido un episodio de esa naturaleza. He visto las fotograf\u00edas por los medios, pero no he tenido acceso a la causa a\u00fan. Nunca llegaron a mi conocimiento por ning\u00fan medio. Lo que voy a hacer es esperar, ir a la justicia y que la justicia resuelva\u201d, a\u00f1ade. Cuando se le pregunta que pas\u00f3 en la foto \u201cdel ojo\u201d, responde: \u201cSe lo voy a contar a los jueces\u201d.<\/p>\n\n\n\n<p>Fern\u00e1ndez repite que la denuncia de Ya\u00f1ez es falsa y cree que lo denunci\u00f3 porque \u201calguien la incentiv\u00f3 con otros fines\u201d. \u201cDurante cuatro a\u00f1os fui presidente de este pa\u00eds y promov\u00ed las pol\u00edticas de g\u00e9nero y s\u00e9 que en casos como este la carga de la prueba se invierte y el hombre es presumido culpable y tiene que probar su inocencia. Yo la voy a probar\u201d, a\u00f1ade.<\/p>\n\n\n\n<p>El argumento de la inversi\u00f3n de la carga de la prueba, que no se aplica, es uno de los m\u00e1s habituales tanto de agresores como de sus abogados defensores. En Argentina, en los casos de violencia machista, se aplica el principio de amplitud probatoria \u2013que figura en la ley 26.485 de Protecci\u00f3n Integral a las mujeres contra todo tipo de violencias\u2013, que no toca el in dubio pro reo ni la duda razonable, ni supone un est\u00e1ndar distinto para la prueba al que aplica para otros tipos penales.<\/p>\n\n\n\n<p>El exmandatario argentino niega la responsabilidad por las lesiones de las fotos, pero existe un chat donde Ya\u00f1ez dice que le hab\u00eda pegado las \u00faltimas tres noches y su respuesta fue: \u201cMe cuesta respirar. Por favor par\u00e1. Me siento muy mal\u201d. Fern\u00e1ndez, preguntado por si ese chat existi\u00f3 asegura: \u201cNo lo s\u00e9, porque de mi celular desaparecieron todos los chats del 2022 y del 2023 con Fabiola\u201d. \u201cNo lo s\u00e9, pero no los tengo\u201d, responde cuando se le cuestiona por c\u00f3mo pudieron desaparecer esos chats. \u201cLos chats con Fabiola desaparecieron. No tengo manera de corroborar c\u00f3mo es toda esa conversaci\u00f3n. Es muy posible que me haya sentido as\u00ed en ciertas circunstancias porque me sent\u00eda sofocado y agobiado\u201d, a\u00f1ade.<\/p>\n\n\n\n<p>M\u00e1s all\u00e1 del registro del celular, sobre los golpes de los que le acusa Ya\u00f1ez en ese momento, Fern\u00e1ndez contesta: \u201cNo le estoy diciendo que eso es cierto. En muchas ocasiones he pasado por situaciones casi de asfixia personal por las circunstancias que me tocaba vivir\u201d.<\/p>\n\n\n\n<p>\u201cNo tengo la menor idea de cu\u00e1ndo fue\u201d, es la respuesta que da a la pregunta sobre qu\u00e9 recuerda de esa noche. Al cuestionarle si no se trata de un hecho trascendental que le manden fotos de su pareja golpeada para no tener ninguna referencia temporal, el expresidente asegura: \u201cEl hecho es muy trascendente y no quiero eludirlo. Pero esto apareci\u00f3 en un chat de mi secretaria [Mar\u00eda Cantero] con un mensaje de Fabiola a ella y no entiendo por qu\u00e9 no apareci\u00f3 antes. Si no se hubiese secuestrado ese tel\u00e9fono, no estar\u00edamos hablando de estas cosas\u201d.<\/p>\n\n\n\n<p>Pese a que lo acusaba de pegarle, Fern\u00e1ndez no parec\u00eda consciente de que Ya\u00f1ez lo pod\u00eda denunciar: \u201cS\u00e9 en qu\u00e9 situaci\u00f3n personal estaba ella y no quiero exponerla p\u00fablicamente. Para dar respuesta a esa pregunta tendr\u00eda que contar cosas que no debo contar en los medios. No estoy para alimentar toda la mugre que medi\u00e1ticamente se est\u00e1 generando. Los recib\u00ed a ustedes para decirle a los ojos que no he sido autor de ninguno de esos hechos\u201d.<\/p>\n\n\n\n<p>Durante la entrevista, al mandatario se le insiste en que la frase \u201cme golpeaste tres d\u00edas seguidos\u201d es inequ\u00edvoca, y \u00e9l asegura que \u201cno es cierta\u201d. \u201cYo no la golpe\u00e9. Tambi\u00e9n s\u00e9 en qu\u00e9 contexto lo dijo Fabiola. Y por eso mi respuesta: no le digo \u201cperd\u00f3n porque te golpe\u00e9 tres d\u00edas\u201d. Le digo \u2018me siento mal, par\u00e1\u2019\u201d.<\/p>\n\n\n\n<p>\u201cUno cuando se enoja dice muchas cosas y puede ser ofensivo\u201d, es la respuesta que da cuando se le pregunta si hubo violencia verbal tras negar violencia f\u00edsica. \u201cSi eso fuera as\u00ed, yo tambi\u00e9n lo padec\u00ed\u201d. Ya\u00f1ez tambi\u00e9n lo ha denunciado por \u201cterror psicol\u00f3gico\u201d, a lo que Fern\u00e1ndez se\u00f1ala: \u201cNo conozco la causa y solo s\u00e9 la causa por su exabogado [Juan Pablo Fioribello]. Nosotros, como toda pareja, tuvimos discusiones. Algunas m\u00e1s vehementes y otras menos vehementes. Necesito saber de qu\u00e9 est\u00e1 hablando. Con ese criterio yo tambi\u00e9n podr\u00eda decir lo mismo\u201d.<\/p>\n\n\n\n<p>Fern\u00e1ndez, a lo largo de toda la entrevista, intenta aludir a la violencia por la que se le pregunta como cuestiones de pareja o discusiones sin mayor relevancia, adem\u00e1s de insistir en la idea de que, de alguna forma, \u00e9l tambi\u00e9n es v\u00edctima. Cuestionado por si de sus palabras se desprende que tambi\u00e9n ha sido v\u00edctima de violencia por parte de Ya\u00f1ez, el expresidente argentino responde: \u201cNo s\u00e9 si la palabra es violencia. Lo que s\u00ed digo es que en nuestros a\u00f1os de convivencia hubo momentos en los que sufr\u00ed muchas situaciones que me tocaron vivir y no se las quiero atribuir a Fabiola\u201d. \u201cNo se llega [a esta instancia] por una denuncia de Fabiola. Se llega porque lo encontraron en un chat y Fabiola primero dice que no quiere promover la acci\u00f3n penal y luego cambia\u201d.<\/p>\n\n\n\n<p>Alberto Fern\u00e1ndez asegura, durante la entrevista, que le da una cuota alimentaria mensual a su exmujer por el hijo que tienen en com\u00fan: \u201cTodos los ingresos que tengo en Espa\u00f1a van a una cuenta que est\u00e1 a nombre de los dos y que maneja ella. Son ingresos por la universidad y conferencias. Nunca les hice faltar nada. Nunca pondr\u00e9 en duda mi obligaci\u00f3n de acompa\u00f1ar el crecimiento y las necesidades de mis hijos. Nadie me los est\u00e1 demandando\u201d.<\/p>\n\n\n\n<p>En un momento de la conversaci\u00f3n, Fern\u00e1ndez asegura que \u201chay alguien que ha incentivado\u201d a Ya\u00f1ez a denunciar \u201cy hay un aprovechamiento pol\u00edtico del Gobierno [de Javier Milei]\u201d.<\/p>\n\n\n\n<p>Cuando se produce la entrevista, Alberto Fern\u00e1ndez asegura no haber le\u00eddo los mensajes que su vicepresidenta, Cristina Kirchner, public\u00f3 en las redes sociales, pero acepta que los periodistas se los lean y arranca la lectura del texto de Kirchner, la l\u00edder que en 2019 lo eligi\u00f3 como candidato a la presidencia en una f\u00f3rmula del peronismo unido que la inclu\u00eda a ella como vicepresidenta. La relaci\u00f3n fue tormentosa durante todo el mandato.<\/p>\n\n\n\n<p>\u201cAlberto Fern\u00e1ndez no fue un buen presidente\u201d, comienza Kirchner, antes de aclarar que las fotos publicadas de Ya\u00f1ez con hematomas en su cuerpo y su rostro y el di\u00e1logo entre ellos \u201cson otra cosa\u201d. A su juicio, \u201cno s\u00f3lo muestran la golpiza recibida, sino que delatan los aspectos m\u00e1s s\u00f3rdidos y oscuros de la condici\u00f3n humana\u201d. \u201cLa misoginia, el machismo y la hipocres\u00eda, pilares en los que se asienta la violencia verbal o f\u00edsica contra la mujer, no tienen bandera partidaria y atraviesan a la sociedad en sus estamentos\u201d, contin\u00faa el texto le\u00eddo \u00edntegro frente al expresidente en el que Kirchner termina solidariz\u00e1ndose con Ya\u00f1ez. Fern\u00e1ndez responde: \u201cNo comparto la mirada que tiene de mi Gobierno y del que ella tambi\u00e9n fue parte. Y me sorprenden sus afirmaciones en cuanto a lo que se difunde en los medios cuando ella ha sido v\u00edctima de los medios. Y mucho m\u00e1s cuando siempre cont\u00f3 con toda mi solidaridad y acompa\u00f1amiento frente al linchamiento medi\u00e1tico que padec\u00eda. Reitero que no he sido el autor de ninguna golpiza\u201d.<\/p>\n\n\n\n<p>Fern\u00e1ndez asegura que puede demostrarlo, porque tiene \u201cmuchos testimonios de gente que ha visto c\u00f3mo fue la vida en Olivos en esa \u00e9poca\u201d, que califica de \u201cmuy dif\u00edcil\u201d. Cuando se le cuestiona que una cosa es una vida dif\u00edcil y otra cosa es una mujer con hematomas, Fern\u00e1ndez se\u00f1ala: \u201cYo lo que pido es que ustedes entiendan que para poder explicar y poder sacar a la luz las dudas que ustedes me tienen, tengo que hablar de cosas de las que no quiero hablar, que quiero hablar solo ante un juez y menos de una persona que demuestra fragilidad\u201d.<\/p>\n\n\n\n<p>EL PA\u00cdS le insisti\u00f3 a Fern\u00e1ndez en que puede que Ya\u00f1ez no sea una mujer fr\u00e1gil, sino una mujer que despu\u00e9s de muchos a\u00f1os de sentirse maltratada por su pareja, decide denunciarlo. \u201cEn ese caso entraremos a discutir c\u00f3mo fue ante un juez\u201d, zanj\u00f3.<\/p>\n\n\n\n<p>Asegur\u00f3 desconocer c\u00f3mo ocurri\u00f3 el hematoma del brazo. \u201cFrancamente, no lo logro entender. Vuelvo a repetir, nunca ejerc\u00ed violencia f\u00edsica contra Fabiola, ni contra ninguna mujer. No tengo el chat, no s\u00e9 c\u00f3mo es la conversaci\u00f3n, no entiendo de qu\u00e9 est\u00e1 hablando cuando dice que llevo tres d\u00edas golpe\u00e1ndola. Eso nunca ocurri\u00f3\u201d, es el argumento de Fern\u00e1ndez, quien asegura que su exmujer no le dijo \u201cme zamarreaste, mir\u00e1 c\u00f3mo tengo el ojo, me pegaste tres noches seguidas\u201d. \u201cNo, pero muchas veces tuvimos problemas de otros tipos. Y se me hace muy dif\u00edcil porque tengo que entrar a explicar otras cosas que directamente se vinculan con su intimidad\u201d.<\/p>\n\n\n\n<p>EL PA\u00cdS le hace notar a Fern\u00e1ndez que m\u00e1s all\u00e1 de lo que \u00e9l cuenta sobre lo que pas\u00f3, en su relato aparecen estereotipos que se escuchan muchas veces para negar la violencia de g\u00e9nero, como que se cay\u00f3 o que sufre alg\u00fan problema de adicci\u00f3n. \u201cPor eso, porque es un tema muy delicado que directamente afecta a la mam\u00e1 de mi hijo, por encima de cualquier diferencia yo quiero preservar su integridad. Hablar\u00e9 ante el juez, no para que esto se convierta en una suerte de carancheo medi\u00e1tico\u201d, y asegura que acept\u00f3 esta entrevista porque no quiere parecer que se est\u00e1 \u201cescondiendo\u201d y que no quiere hablar. \u201cPero ya debo hablar ante los tribunales\u201d.<\/p>\n\n\n\n<p>En los \u00faltimos d\u00edas, personas cercanas al exmandatario han estado dando a entender que Ya\u00f1ez hab\u00eda pedido tres millones de d\u00f3lares por no hacer p\u00fablica su historia en un documental. Dice Fern\u00e1ndez que \u201cella habl\u00f3 de una oportunidad que ten\u00eda y no entend\u00eda qu\u00e9 ganaba ella si no hac\u00eda la denuncia\u201d. \u201c\u00bfDecime qu\u00e9 gano si no hago la denuncia?\u201d, es la frase que, seg\u00fan Fern\u00e1ndez le dijo Ya\u00f1ez. Y aunque se intenta ahondar en esa cuesti\u00f3n, el exmandatario, como en tantas otras partes de la entrevista, dice: \u201cEl resto se lo voy a contar al juez\u201d.<\/p>\n\n\n\n<p>El esc\u00e1ndalo tras la denuncia por violencia de g\u00e9nero a Fern\u00e1ndez ha desatado un tsunami en Argentina. El actual presidente, Javier Milei, ha planteado tras la denuncia la existencia de un doble est\u00e1ndar en el progresismo. \u201cYo no tengo doble est\u00e1ndar. Admito que hay una presunci\u00f3n de culpabilidad m\u00eda, la acepto, pero pido que me dejen probar la inocencia\u201d, asegura Fern\u00e1ndez. En Argentina, al igual que la carga de la prueba no se invierte, tampoco aplica la presunci\u00f3n de culpabilidad, sino la de inocencia, garant\u00edas que los sistemas judiciales preservan para los procesados. \u201cUna cosa es la presunci\u00f3n de la culpabilidad y la otra es el linchamiento medi\u00e1tico que lo hace a uno culpable sin posibilidad de defenderse. Son dos cosas distintas\u201d, remarca Fern\u00e1ndez.<\/p>\n","protected":false},"excerpt":{"rendered":"<p>El expresidente argentino Alberto Fern&aacute;ndez ha pasado los &uacute;ltimos d&iacute;as encerrado en su departamento, una torre de lujo en el barrio de Puerto Madero, a pocos metros de la Casa Rosada. Desde que su expareja y la madre de su segundo hijo, Fabiola Ya&ntilde;ez, lo denunci&oacute; por violencia de g&eacute;nero y acoso psicol&oacute;gico, todas las [&hellip;]<\/p>\n","protected":false},"author":2,"featured_media":5947,"comment_status":"open","ping_status":"open","sticky":false,"template":"","format":"standard","meta":{"footnotes":""},"categories":[979,5,176],"tags":[],"class_list":["post-5946","post","type-post","status-publish","format-standard","has-post-thumbnail","hentry","category-judiciales","category-nacionales","category-politica"],"_links":{"self":[{"href":"https:\/\/partediario.com.ar\/index.php?rest_route=\/wp\/v2\/posts\/5946","targetHints":{"allow":["GET"]}}],"collection":[{"href":"https:\/\/partediario.com.ar\/index.php?rest_route=\/wp\/v2\/posts"}],"about":[{"href":"https:\/\/partediario.com.ar\/index.php?rest_route=\/wp\/v2\/types\/post"}],"author":[{"embeddable":true,"href":"https:\/\/partediario.com.ar\/index.php?rest_route=\/wp\/v2\/users\/2"}],"replies":[{"embeddable":true,"href":"https:\/\/partediario.com.ar\/index.php?rest_route=%2Fwp%2Fv2%2Fcomments&post=5946"}],"version-history":[{"count":1,"href":"https:\/\/partediario.com.ar\/index.php?rest_route=\/wp\/v2\/posts\/5946\/revisions"}],"predecessor-version":[{"id":5948,"href":"https:\/\/partediario.com.ar\/index.php?rest_route=\/wp\/v2\/posts\/5946\/revisions\/5948"}],"wp:featuredmedia":[{"embeddable":true,"href":"https:\/\/partediario.com.ar\/index.php?rest_route=\/wp\/v2\/media\/5947"}],"wp:attachment":[{"href":"https:\/\/partediario.com.ar\/index.php?rest_route=%2Fwp%2Fv2%2Fmedia&parent=5946"}],"wp:term":[{"taxonomy":"category","embeddable":true,"href":"https:\/\/partediario.com.ar\/index.php?rest_route=%2Fwp%2Fv2%2Fcategories&post=5946"},{"taxonomy":"post_tag","embeddable":true,"href":"https:\/\/partediario.com.ar\/index.php?rest_route=%2Fwp%2Fv2%2Ftags&post=5946"}],"curies":[{"name":"wp","href":"https:\/\/api.w.org\/{rel}","templated":true}]}}