{"id":5949,"date":"2024-08-13T09:17:02","date_gmt":"2024-08-13T12:17:02","guid":{"rendered":"https:\/\/partediario.com.ar\/?p=5949"},"modified":"2024-08-13T09:17:03","modified_gmt":"2024-08-13T12:17:03","slug":"misiones-buscan-intensamente-a-una-adolescente-que-desaparecio-el-10-de-agosto","status":"publish","type":"post","link":"https:\/\/partediario.com.ar\/?p=5949","title":{"rendered":"Misiones: buscan intensamente a una adolescente que desapareci\u00f3 el 10 de agosto"},"content":{"rendered":"\n<p><strong>Buscan a una adolescente que desapareci\u00f3 hace tres d\u00edas de su hogar, en Paraje Pi\u00f1alito Norte San Antonio, provincia de Misiones.<\/strong><\/p>\n\n\n\n<p>Se trata de Bel\u00e9n Yamila Figueroa de 16 a\u00f1os, que desapareci\u00f3 el 10\/8 en Paraje Pi\u00f1alito Norte San Antonio, provincia de Misiones.<\/p>\n\n\n\n<p>Se hizo la denuncia. Por favor compartir, y si la ven avisar #Urgente a la polic\u00eda local o al 911.<\/p>\n","protected":false},"excerpt":{"rendered":"<p>Buscan a una adolescente que desapareci&oacute; hace tres d&iacute;as de su hogar, en Paraje Pi&ntilde;alito Norte San Antonio, provincia de Misiones. Se trata de Bel&eacute;n Yamila Figueroa de 16 a&ntilde;os, que desapareci&oacute; el 10\/8 en Paraje Pi&ntilde;alito Norte San Antonio, provincia de Misiones. Se hizo la denuncia. Por favor compartir, y si la ven avisar [&hellip;]<\/p>\n","protected":false},"author":2,"featured_media":5950,"comment_status":"open","ping_status":"open","sticky":false,"template":"","format":"standard","meta":{"footnotes":""},"categories":[5,7],"tags":[449,614],"class_list":["post-5949","post","type-post","status-publish","format-standard","has-post-thumbnail","hentry","category-nacionales","category-policiales","tag-busqueda","tag-misiones"],"_links":{"self":[{"href":"https:\/\/partediario.com.ar\/index.php?rest_route=\/wp\/v2\/posts\/5949","targetHints":{"allow":["GET"]}}],"collection":[{"href":"https:\/\/partediario.com.ar\/index.php?rest_route=\/wp\/v2\/posts"}],"about":[{"href":"https:\/\/partediario.com.ar\/index.php?rest_route=\/wp\/v2\/types\/post"}],"author":[{"embeddable":true,"href":"https:\/\/partediario.com.ar\/index.php?rest_route=\/wp\/v2\/users\/2"}],"replies":[{"embeddable":true,"href":"https:\/\/partediario.com.ar\/index.php?rest_route=%2Fwp%2Fv2%2Fcomments&post=5949"}],"version-history":[{"count":1,"href":"https:\/\/partediario.com.ar\/index.php?rest_route=\/wp\/v2\/posts\/5949\/revisions"}],"predecessor-version":[{"id":5951,"href":"https:\/\/partediario.com.ar\/index.php?rest_route=\/wp\/v2\/posts\/5949\/revisions\/5951"}],"wp:featuredmedia":[{"embeddable":true,"href":"https:\/\/partediario.com.ar\/index.php?rest_route=\/wp\/v2\/media\/5950"}],"wp:attachment":[{"href":"https:\/\/partediario.com.ar\/index.php?rest_route=%2Fwp%2Fv2%2Fmedia&parent=5949"}],"wp:term":[{"taxonomy":"category","embeddable":true,"href":"https:\/\/partediario.com.ar\/index.php?rest_route=%2Fwp%2Fv2%2Fcategories&post=5949"},{"taxonomy":"post_tag","embeddable":true,"href":"https:\/\/partediario.com.ar\/index.php?rest_route=%2Fwp%2Fv2%2Ftags&post=5949"}],"curies":[{"name":"wp","href":"https:\/\/api.w.org\/{rel}","templated":true}]}}