{"id":5962,"date":"2024-08-13T11:59:41","date_gmt":"2024-08-13T14:59:41","guid":{"rendered":"https:\/\/partediario.com.ar\/?p=5962"},"modified":"2024-08-13T11:59:43","modified_gmt":"2024-08-13T14:59:43","slug":"tras-dos-meses-de-la-desaparicion-de-loan-pena-la-justicia-aun-no-tiene-respuestas","status":"publish","type":"post","link":"https:\/\/partediario.com.ar\/?p=5962","title":{"rendered":"Tras dos meses de la desaparici\u00f3n de Loan Pe\u00f1a, la Justicia aun no tiene respuestas"},"content":{"rendered":"\n<h3 class=\"wp-block-heading\">Denuncian que la causa est\u00e1 frenada y, de hecho, la Justicia deber\u00e1 decidir en los pr\u00f3ximos d\u00edas si procesa a los siete imputados. Este martes se realizar\u00e1 una nueva marcha.<\/h3>\n\n\n\n<p>Este martes 13 se cumplen dos meses desde que se vio por \u00faltima vez a Loan Pe\u00f1a en el paraje \u00abEl Algarrobal\u00bb, dentro de la localidad correntina de 9 de julio. Son varias las l\u00edneas de investigaci\u00f3n que se trabajan en la justicia Federal de Goya, imputados y pistas, sin embargo son pocas las certezas que se tienen en torno al paradero del ni\u00f1o. Por esta situaci\u00f3n es que a las 19.00 se realizar\u00e1 una nueva marcha en Goya para exigirle a la Justicia que no demore m\u00e1s la causa.<\/p>\n\n\n\n<p>El peque\u00f1o de 5 a\u00f1os fue a festejar el d\u00eda de San Antonio, muy popular en la zona, con su padre, Jos\u00e9 Pe\u00f1a, a la casa de su abuela Catalina. Se separ\u00f3 de su familia por unos pocoa minutos, durante un recorrido y desde entonces no se lo vio m\u00e1s. Los imputados como coautores del delito de \u00absustracci\u00f3n y ocultamiento\u00bb son: el excomisario Walter Maciel; Mar\u00eda Victoria Caillava; el esposo de ella y excapit\u00e1n de nav\u00edo, Carlos P\u00e9rez; los t\u00edos del ni\u00f1o Laudelina Pe\u00f1a y Antonio Ben\u00edtez; y la pareja M\u00f3nica Millapi y Daniel \u00abFierrito\u00bb Ram\u00edrez.<\/p>\n\n\n\n<p>Trata de personas, desaparici\u00f3n, secuestro, asesinato. Las hip\u00f3tesis que se trabajado fueron innumerables, pero las pistas parecen conducir a ning\u00fan punto. Es en este contexto que se apunta al Juzgado Federal de Goya, a cargo de la jueza Cristina Pozzer Penzo, el cual lleva adelante el caso y en los pr\u00f3ximos d\u00edas deber\u00e1 definir si se procesa o no a los siete imputados, quienes podr\u00edan quedar en libertad.<\/p>\n\n\n\n<p><strong>La marcha por Loan<\/strong><\/p>\n\n\n\n<p>Este martes 13, desde las 19.00, se llevar\u00e1 a cabo una nueva marcha por Loan Danilo en la plaza Mitre de Goya, hacia el suroeste. Ser\u00e1 una movilizaci\u00f3n pac\u00edfica que tendr\u00e1 lugar frente al Juzgado Federal de Primera Instancia de Goya, ubicado en la calle Belgrano, entre Espa\u00f1a y Mariano I. Loza, justo al lado de la Iglesia Catedral Nuestra Se\u00f1ora del Rosario.<\/p>\n\n\n\n<p>No es la primera y posiblemente no sea la \u00faltima manifestaci\u00f3n que se har\u00e1 por Loan. Ya se realiz\u00f3 una el 13 de julio, a un mes de la desaparici\u00f3n, bajo la consigna: \u00abCon vida lo llevaron, con vida lo queremos\u00bb que se reutilizar\u00e1 en esta oportunidad. Adem\u00e1s, el 28 de julio hubo otra marcha en el Obelisco de la Ciudad de Buenos Aires, mientras se viv\u00edan momentos clave en la causa. Ma\u00f1ana mi\u00e9rcoles tambi\u00e9n se realizar\u00e1 otra convocatoria en 9 de Julio.<\/p>\n","protected":false},"excerpt":{"rendered":"<p>Denuncian que la causa est&aacute; frenada y, de hecho, la Justicia deber&aacute; decidir en los pr&oacute;ximos d&iacute;as si procesa a los siete imputados. Este martes se realizar&aacute; una nueva marcha. Este martes 13 se cumplen dos meses desde que se vio por &uacute;ltima vez a Loan Pe&ntilde;a en el paraje &laquo;El Algarrobal&raquo;, dentro de la [&hellip;]<\/p>\n","protected":false},"author":2,"featured_media":5963,"comment_status":"open","ping_status":"open","sticky":false,"template":"","format":"standard","meta":{"footnotes":""},"categories":[979,5,7],"tags":[758,790,1179,448,2549,1074,489,971,789,2548,791],"class_list":["post-5962","post","type-post","status-publish","format-standard","has-post-thumbnail","hentry","category-judiciales","category-nacionales","category-policiales","tag-antonio-benitez","tag-carlos-perez","tag-catalina","tag-corrientes","tag-daniel-ramirez","tag-laudelina","tag-loan-danilo-pena","tag-marcha","tag-maria-victoria-caillava","tag-monica-millapi","tag-walter-maciel"],"_links":{"self":[{"href":"https:\/\/partediario.com.ar\/index.php?rest_route=\/wp\/v2\/posts\/5962","targetHints":{"allow":["GET"]}}],"collection":[{"href":"https:\/\/partediario.com.ar\/index.php?rest_route=\/wp\/v2\/posts"}],"about":[{"href":"https:\/\/partediario.com.ar\/index.php?rest_route=\/wp\/v2\/types\/post"}],"author":[{"embeddable":true,"href":"https:\/\/partediario.com.ar\/index.php?rest_route=\/wp\/v2\/users\/2"}],"replies":[{"embeddable":true,"href":"https:\/\/partediario.com.ar\/index.php?rest_route=%2Fwp%2Fv2%2Fcomments&post=5962"}],"version-history":[{"count":1,"href":"https:\/\/partediario.com.ar\/index.php?rest_route=\/wp\/v2\/posts\/5962\/revisions"}],"predecessor-version":[{"id":5964,"href":"https:\/\/partediario.com.ar\/index.php?rest_route=\/wp\/v2\/posts\/5962\/revisions\/5964"}],"wp:featuredmedia":[{"embeddable":true,"href":"https:\/\/partediario.com.ar\/index.php?rest_route=\/wp\/v2\/media\/5963"}],"wp:attachment":[{"href":"https:\/\/partediario.com.ar\/index.php?rest_route=%2Fwp%2Fv2%2Fmedia&parent=5962"}],"wp:term":[{"taxonomy":"category","embeddable":true,"href":"https:\/\/partediario.com.ar\/index.php?rest_route=%2Fwp%2Fv2%2Fcategories&post=5962"},{"taxonomy":"post_tag","embeddable":true,"href":"https:\/\/partediario.com.ar\/index.php?rest_route=%2Fwp%2Fv2%2Ftags&post=5962"}],"curies":[{"name":"wp","href":"https:\/\/api.w.org\/{rel}","templated":true}]}}