{"id":5966,"date":"2024-08-13T15:24:44","date_gmt":"2024-08-13T18:24:44","guid":{"rendered":"https:\/\/partediario.com.ar\/?p=5966"},"modified":"2024-08-13T15:24:45","modified_gmt":"2024-08-13T18:24:45","slug":"la-municipalidad-acompano-los-festejos-por-el-aniversario-del-edificio-del-colegio-nacional","status":"publish","type":"post","link":"https:\/\/partediario.com.ar\/?p=5966","title":{"rendered":"La Municipalidad acompa\u00f1\u00f3 los festejos por el aniversario del edificio del Colegio Nacional"},"content":{"rendered":"\n<h3 class=\"wp-block-heading\">El viceintendente David C\u00e1ceres estuvo en el acto junto a la vicegobernadora de Entre R\u00edos, Alicia Aluani, y el rector de la instituci\u00f3n, Javier Albarrac\u00edn. El edificio cumpli\u00f3 110 a\u00f1os y realiz\u00f3 una ceremonia conmemorativa.<\/h3>\n\n\n\n<p>\u201cMiles de j\u00f3venes pasaron por aqu\u00ed, por eso nuestro compromiso es seguir trabajando con este Colegio y con las distintas escuelas de la ciudad para fortalecernos y que nuestros gurises y gurisas tengan la mejor educaci\u00f3n p\u00fablica posible\u201d, destac\u00f3 C\u00e1ceres.<\/p>\n\n\n\n<p><\/p>\n\n\n\n<figure class=\"wp-block-image size-large\"><img loading=\"lazy\" decoding=\"async\" width=\"1024\" height=\"682\" src=\"https:\/\/partediario.com.ar\/wp-content\/uploads\/1723476972_6456f4fef2727702fcb0-1024x682.jpg\" alt=\"\" class=\"wp-image-5967\" srcset=\"https:\/\/partediario.com.ar\/wp-content\/uploads\/1723476972_6456f4fef2727702fcb0-1024x682.jpg 1024w, https:\/\/partediario.com.ar\/wp-content\/uploads\/1723476972_6456f4fef2727702fcb0-300x200.jpg 300w, https:\/\/partediario.com.ar\/wp-content\/uploads\/1723476972_6456f4fef2727702fcb0-768x512.jpg 768w, https:\/\/partediario.com.ar\/wp-content\/uploads\/1723476972_6456f4fef2727702fcb0.jpg 1280w\" sizes=\"auto, (max-width: 1024px) 100vw, 1024px\" \/><\/figure>\n\n\n\n<p><\/p>\n\n\n\n<p>Albarrac\u00edn, por su parte, valor\u00f3: \u201cHubo mucho trabajo en equipo por parte de la comunidad educativa de este Colegio Nacional, generando v\u00ednculos, estrategias y acciones\u201d.<\/p>\n\n\n\n<p>Fueron parte de la actividad la senadora nacional, Stella Maris Olalla; el secretario de Cultura de Entre R\u00edos, Fabi\u00e1n Reato; los secretarios de Gobierno y Coordinador de Gabinete de la Municipalidad, Santiago Halle; de Servicios P\u00fablicos, Juli\u00e1n Hirschfeld; legisladores provinciales, funcionarios provinciales y concejales.<\/p>\n","protected":false},"excerpt":{"rendered":"<p>El viceintendente David C&aacute;ceres estuvo en el acto junto a la vicegobernadora de Entre R&iacute;os, Alicia Aluani, y el rector de la instituci&oacute;n, Javier Albarrac&iacute;n. El edificio cumpli&oacute; 110 a&ntilde;os y realiz&oacute; una ceremonia conmemorativa. &ldquo;Miles de j&oacute;venes pasaron por aqu&iacute;, por eso nuestro compromiso es seguir trabajando con este Colegio y con las distintas [&hellip;]<\/p>\n","protected":false},"author":2,"featured_media":5968,"comment_status":"open","ping_status":"open","sticky":false,"template":"","format":"standard","meta":{"footnotes":""},"categories":[6,726],"tags":[944,2550,453,2552,419,2551,210,265,279,2553],"class_list":["post-5966","post","type-post","status-publish","format-standard","has-post-thumbnail","hentry","category-locales","category-sociedad","tag-alicia-aluani","tag-colegio-nacional","tag-david-caceres","tag-fabinan-reato","tag-festejos","tag-javier-albarracin","tag-municipalidad","tag-parana","tag-santiago-halle","tag-stella-maris-olalla"],"_links":{"self":[{"href":"https:\/\/partediario.com.ar\/index.php?rest_route=\/wp\/v2\/posts\/5966","targetHints":{"allow":["GET"]}}],"collection":[{"href":"https:\/\/partediario.com.ar\/index.php?rest_route=\/wp\/v2\/posts"}],"about":[{"href":"https:\/\/partediario.com.ar\/index.php?rest_route=\/wp\/v2\/types\/post"}],"author":[{"embeddable":true,"href":"https:\/\/partediario.com.ar\/index.php?rest_route=\/wp\/v2\/users\/2"}],"replies":[{"embeddable":true,"href":"https:\/\/partediario.com.ar\/index.php?rest_route=%2Fwp%2Fv2%2Fcomments&post=5966"}],"version-history":[{"count":1,"href":"https:\/\/partediario.com.ar\/index.php?rest_route=\/wp\/v2\/posts\/5966\/revisions"}],"predecessor-version":[{"id":5969,"href":"https:\/\/partediario.com.ar\/index.php?rest_route=\/wp\/v2\/posts\/5966\/revisions\/5969"}],"wp:featuredmedia":[{"embeddable":true,"href":"https:\/\/partediario.com.ar\/index.php?rest_route=\/wp\/v2\/media\/5968"}],"wp:attachment":[{"href":"https:\/\/partediario.com.ar\/index.php?rest_route=%2Fwp%2Fv2%2Fmedia&parent=5966"}],"wp:term":[{"taxonomy":"category","embeddable":true,"href":"https:\/\/partediario.com.ar\/index.php?rest_route=%2Fwp%2Fv2%2Fcategories&post=5966"},{"taxonomy":"post_tag","embeddable":true,"href":"https:\/\/partediario.com.ar\/index.php?rest_route=%2Fwp%2Fv2%2Ftags&post=5966"}],"curies":[{"name":"wp","href":"https:\/\/api.w.org\/{rel}","templated":true}]}}