{"id":5995,"date":"2024-08-14T11:00:01","date_gmt":"2024-08-14T14:00:01","guid":{"rendered":"https:\/\/partediario.com.ar\/?p=5995"},"modified":"2024-08-14T12:25:22","modified_gmt":"2024-08-14T15:25:22","slug":"milei-reglamento-por-decreto-las-sociedades-anonimas-deportivas-y-presiona-a-la-afa","status":"publish","type":"post","link":"https:\/\/partediario.com.ar\/?p=5995","title":{"rendered":"Milei reglament\u00f3 por decreto las Sociedades An\u00f3nimas Deportivas y presiona a la AFA"},"content":{"rendered":"\n<h3 class=\"wp-block-heading\">Tras el rechazo del presidente de la AFA, Claudio Chiqui Tapia, a las SAD, el decreto publicado hoy abre un nuevo frente de conflicto para el Gobierno.<\/h3>\n\n\n\n<p>El Gobierno desafi\u00f3 nuevamente a la AFA con un nuevo avance para que los clubes puedan ser privatizados mediante el formato de sociedades an\u00f3nimas deportivas (SAD).<\/p>\n\n\n\n<p>A trav\u00e9s del Decreto 730\/2024 publicado este mi\u00e9rcoles en el Bolet\u00edn Oficial, el presidente Javier Milei reglament\u00f3 la conversi\u00f3n de la estructura jur\u00eddica de las instituciones, ya que \u201cno se podr\u00e1 impedir, dificultar, privar o menoscabar cualquier derecho a una organizaci\u00f3n deportiva\u201d, siempre y cuando \u201cest\u00e9 reconocida por la ley\u201d.<\/p>\n\n\n\n<p>Luego del rechazo del presidente de la AFA, Claudio Chiqui Tapia, a las SAD, el decreto publicado hoy abre un nuevo frente de disputa para el Gobierno.<\/p>\n\n\n\n<p>Desde Casa Rosada objetan el planteo de la AFA, que sostiene que si bien la instituci\u00f3n no tiene facultades para impedir que un club pueda elegir convertirse en SAD, la Constituci\u00f3n Nacional la ampara para impedir su ingreso como miembro y de participar en los torneos que organiza.<\/p>\n\n\n\n<p>\u201cLas organizaciones integrantes del Sistema Institucional del Deporte y la Actividad F\u00edsica que modifiquen o hubieran modificado su estructura jur\u00eddica adoptando algunas de las figuras contenidas en el art\u00edculo 19 bis de la Ley N\u00ba20.655 y sus modificaciones tendr\u00e1n derecho a mantener su participaci\u00f3n en toda competici\u00f3n en la que intervinieran bajo su estructura jur\u00eddica anterior y en las mismas condiciones que se encontraban con anterioridad a la modificaci\u00f3n producida\u201d, expresa la normativa publicada este mi\u00e9rcoles.<\/p>\n\n\n\n<p>El decreto se\u00f1ala adem\u00e1s que las \u201cpersonas jur\u00eddicas constituidas como sociedades an\u00f3nimas\u201d que tengan como objetivo \u201cla pr\u00e1ctica, desarrollo, sostenimiento, organizaci\u00f3n o representaci\u00f3n del deporte y la actividad f\u00edsica\u201d pueden integrarse al Sistema Institucional del Deporte y la Actividad F\u00edsica, tal como lo hacen las asociaciones civiles.<\/p>\n\n\n\n<p><strong>Qu\u00e9 dice el nuevo decreto de Milei<\/strong><\/p>\n\n\n\n<p>El nuevo decreto explica los cambios realizados y especifica c\u00f3mo es el nuevo marco regulatorio. En su art\u00edculo primero define que los \u201casociados a las asociaciones civiles\u201d ser\u00e1n \u201cquienes participen en la asamblea extraordinaria de la asociaci\u00f3n que considere la decisi\u00f3n de transformar a la entidad en sociedad an\u00f3nima o resuelva ser socia de sociedades an\u00f3nimas\u201d.<\/p>\n\n\n\n<p>Adem\u00e1s en el art\u00edculo segundo especifica que pese a que aun no se hayan adaptado los estatutos o c\u00f3digos internos de las asociaciones, federaciones y confederaciones deportivas, estas no podr\u00e1n \u201cimpedir, dificultar, privar o menoscabar cualquier derecho a una organizaci\u00f3n deportiva, incluyendo su derecho de afiliaci\u00f3n a una confederaci\u00f3n, federaci\u00f3n, asociaci\u00f3n, liga o uni\u00f3n, con fundamento en su forma jur\u00eddica, originaria o derivada\u201d, que haya elegido convertirse en una SAD.<\/p>\n\n\n\n<p>Asimismo, aclara que todos los clubes y asociaciones \u201ctendr\u00e1n derecho a mantener su participaci\u00f3n en toda competici\u00f3n en la que intervinieran bajo su estructura jur\u00eddica anterior y en las mismas condiciones que se encontraban con anterioridad a la modificaci\u00f3n producida\u201d.<\/p>\n\n\n\n<p>Finalizando, se da un plazo de un a\u00f1o a partir del d\u00eda de la fecha (mi\u00e9rcoles 14 de agosto de 2024) para que la AFA y el resto de asociaciones, federaciones y confederaciones adapten sus normas a esta medida. \u201cEl per\u00edodo de UN (1) a\u00f1o establecido en el art\u00edculo 345 del Decreto de Necesidad y Urgencia N\u00b0 70 del 20 de diciembre de 2023 se contar\u00e1 a partir de la fecha de entrada en vigencia del presente decreto\u201d.<\/p>\n\n\n\n<p>En julio, la Inspecci\u00f3n General de Justicia, en otro avance en la intenci\u00f3n de transformar a los clubes en instituciones privadas, emiti\u00f3 una resoluci\u00f3n que establece una serie de desregulaciones y flexibilizaciones de tr\u00e1mites, entre los que est\u00e1n los relacionados con las SAD.<\/p>\n\n\n\n<p>\u201cQue, atento a lo dispuesto en los art\u00edculos 346 y 347 del Decreto de Necesidad y Urgencia N\u00ba70\/2023 (\u2026) debe aceptarse la participaci\u00f3n de las asociaciones civiles y fundaciones como accionistas en sociedades an\u00f3nimas y la transformaci\u00f3n de las asociaciones civiles en sociedades an\u00f3nimas; as\u00ed como simplificarse la inscripci\u00f3n de entidades de bien com\u00fan constituidas en el extranjero para el desarrollo de su actividad en la Rep\u00fablica Argentina\u201d, establece la normativa.<\/p>\n\n\n\n<p>Hasta la llegada de Milei a la presidencia, la ley N\u00b020.655 permit\u00eda que los clubes deportivos se organizaran principalmente como asociaciones civiles. Sin embargo, el Decreto de Necesidad y Urgencia N\u00b070\/23, publicado en diciembre de 2023, en los primero d\u00edas de la gesti\u00f3n libertaria, modific\u00f3 esta normativa para permitir que tambi\u00e9n puedan convertirse en sociedades an\u00f3nimas deportivas, un objetivo pol\u00edtico que encontr\u00f3 resistencia en los clubes y la entidad que los nuclea.<\/p>\n","protected":false},"excerpt":{"rendered":"<p>Tras el rechazo del presidente de la AFA, Claudio Chiqui Tapia, a las SAD, el decreto publicado hoy abre un nuevo frente de conflicto para el Gobierno. El Gobierno desafi&oacute; nuevamente a la AFA con un nuevo avance para que los clubes puedan ser privatizados mediante el formato de sociedades an&oacute;nimas deportivas (SAD). A trav&eacute;s [&hellip;]<\/p>\n","protected":false},"author":2,"featured_media":5996,"comment_status":"open","ping_status":"open","sticky":false,"template":"","format":"standard","meta":{"footnotes":""},"categories":[4,5,176],"tags":[1693,1831,1346,232,2561],"class_list":["post-5995","post","type-post","status-publish","format-standard","has-post-thumbnail","hentry","category-deportes","category-nacionales","category-politica","tag-afa","tag-claudio-tapia","tag-decreto","tag-javier-milei","tag-sad"],"_links":{"self":[{"href":"https:\/\/partediario.com.ar\/index.php?rest_route=\/wp\/v2\/posts\/5995","targetHints":{"allow":["GET"]}}],"collection":[{"href":"https:\/\/partediario.com.ar\/index.php?rest_route=\/wp\/v2\/posts"}],"about":[{"href":"https:\/\/partediario.com.ar\/index.php?rest_route=\/wp\/v2\/types\/post"}],"author":[{"embeddable":true,"href":"https:\/\/partediario.com.ar\/index.php?rest_route=\/wp\/v2\/users\/2"}],"replies":[{"embeddable":true,"href":"https:\/\/partediario.com.ar\/index.php?rest_route=%2Fwp%2Fv2%2Fcomments&post=5995"}],"version-history":[{"count":1,"href":"https:\/\/partediario.com.ar\/index.php?rest_route=\/wp\/v2\/posts\/5995\/revisions"}],"predecessor-version":[{"id":5997,"href":"https:\/\/partediario.com.ar\/index.php?rest_route=\/wp\/v2\/posts\/5995\/revisions\/5997"}],"wp:featuredmedia":[{"embeddable":true,"href":"https:\/\/partediario.com.ar\/index.php?rest_route=\/wp\/v2\/media\/5996"}],"wp:attachment":[{"href":"https:\/\/partediario.com.ar\/index.php?rest_route=%2Fwp%2Fv2%2Fmedia&parent=5995"}],"wp:term":[{"taxonomy":"category","embeddable":true,"href":"https:\/\/partediario.com.ar\/index.php?rest_route=%2Fwp%2Fv2%2Fcategories&post=5995"},{"taxonomy":"post_tag","embeddable":true,"href":"https:\/\/partediario.com.ar\/index.php?rest_route=%2Fwp%2Fv2%2Ftags&post=5995"}],"curies":[{"name":"wp","href":"https:\/\/api.w.org\/{rel}","templated":true}]}}