{"id":5998,"date":"2024-08-14T11:03:33","date_gmt":"2024-08-14T14:03:33","guid":{"rendered":"https:\/\/partediario.com.ar\/?p=5998"},"modified":"2024-08-14T11:03:33","modified_gmt":"2024-08-14T14:03:33","slug":"alerta-mundial-por-un-nuevo-brote-la-oms-define-la-emergencia-sanitaria","status":"publish","type":"post","link":"https:\/\/partediario.com.ar\/?p=5998","title":{"rendered":"Alerta mundial por un nuevo brote: la OMS define la emergencia sanitaria"},"content":{"rendered":"\n<h3 class=\"wp-block-heading\">Registran fuerte contagio de casos de \u00abmpox\u00bb, una enfermedad conocida anteriormente como \u00abViruela del mono\u00bb.<\/h3>\n\n\n\n<p>La Organizaci\u00f3n Mundial de la Salud (OMS) decide hoy mi\u00e9rcoles 14 de agosto si declara o no la emergencia por el nuevo brote de mpox, la enfermedad previamente conocida como \u00abviruela del mono\u00bb.<\/p>\n\n\n\n<p>La semana pasada, el Director General de la OMS, Tedros Adhanom Ghebreyesus, se\u00f1al\u00f3 que estaba considerando la convocatoria de un Comit\u00e9 de Emergencia para evaluar si este brote deber\u00eda ser declarado una emergencia de salud p\u00fablica de importancia internacional (ESPII o PHEIC, por sus siglas en ingl\u00e9s).<\/p>\n\n\n\n<p>Esta misma semana se ha definido la fecha para tal convocatoria, este mi\u00e9rcoles a las 12, lo que pone en evidencia que existe cierta urgencia para abordar este asunto.<\/p>\n\n\n\n<p>\u201cHe convocado al Comit\u00e9 de Emergencia en relaci\u00f3n con el recrudecimiento de #mpox para el mi\u00e9rcoles 14 de agosto de 2024\u201d, destac\u00f3 el jefe de la OMS en un mensaje de la red social X (antes Twitter).<\/p>\n\n\n\n<p>\u201cEl Comit\u00e9 me proporcionar\u00e1 sus opiniones sobre si el brote constituye una emergencia de salud p\u00fablica de importancia internacional \u2013 y, de ser as\u00ed, me asesorar\u00e1 sobre las recomendaciones temporales sobre c\u00f3mo prevenir y reducir mejor la propagaci\u00f3n de la enfermedad y gestionar la respuesta de salud p\u00fablica mundial\u201d, agreg\u00f3. El encuentro ser\u00e1 virtual y a puerta cerrada.<\/p>\n\n\n\n<p>Esta situaci\u00f3n se da tras la identificaci\u00f3n de una nueva variante del virus en \u00c1frica Subsahariana. La nueva variante clado I (clado Ib) est\u00e1 asociada a una transmisi\u00f3n sostenida, as\u00ed como a la aparici\u00f3n de casos en una gama de grupos de edad m\u00e1s amplia que en brotes anteriores, incluidos los ni\u00f1os. Se estima que surgi\u00f3 en la Rep\u00fablica Democr\u00e1tica del Congo (RDC) en septiembre de 2023 y est\u00e1 asociada a un aumento significativo de casos en el pa\u00eds.<\/p>\n\n\n\n<p>La nueva variante, que tambi\u00e9n es considerada m\u00e1s mort\u00edfera, se ha detectado por primera vez fuera de la RDC, en pa\u00edses vecinos como Uganda y Kenia, lo que ha llevado a la OMS a acelerar la evaluaci\u00f3n sobre si debe o no ser considerada una emergencia de salud p\u00fablica de importancia internacional.<\/p>\n\n\n\n<p>Una vez declarado, este nivel de alerta permite una mayor coordinaci\u00f3n global y movilizaci\u00f3n de recursos para contener la amenaza.<\/p>\n","protected":false},"excerpt":{"rendered":"<p>Registran fuerte contagio de casos de &laquo;mpox&raquo;, una enfermedad conocida anteriormente como &laquo;Viruela del mono&raquo;. La Organizaci&oacute;n Mundial de la Salud (OMS) decide hoy mi&eacute;rcoles 14 de agosto si declara o no la emergencia por el nuevo brote de mpox, la enfermedad previamente conocida como &laquo;viruela del mono&raquo;. La semana pasada, el Director General de [&hellip;]<\/p>\n","protected":false},"author":2,"featured_media":5999,"comment_status":"open","ping_status":"open","sticky":false,"template":"","format":"standard","meta":{"footnotes":""},"categories":[9],"tags":[385,2564,2562,737,2563],"class_list":["post-5998","post","type-post","status-publish","format-standard","has-post-thumbnail","hentry","category-internacionales","tag-alerta","tag-mono","tag-mpox","tag-mundial","tag-viruela"],"_links":{"self":[{"href":"https:\/\/partediario.com.ar\/index.php?rest_route=\/wp\/v2\/posts\/5998","targetHints":{"allow":["GET"]}}],"collection":[{"href":"https:\/\/partediario.com.ar\/index.php?rest_route=\/wp\/v2\/posts"}],"about":[{"href":"https:\/\/partediario.com.ar\/index.php?rest_route=\/wp\/v2\/types\/post"}],"author":[{"embeddable":true,"href":"https:\/\/partediario.com.ar\/index.php?rest_route=\/wp\/v2\/users\/2"}],"replies":[{"embeddable":true,"href":"https:\/\/partediario.com.ar\/index.php?rest_route=%2Fwp%2Fv2%2Fcomments&post=5998"}],"version-history":[{"count":1,"href":"https:\/\/partediario.com.ar\/index.php?rest_route=\/wp\/v2\/posts\/5998\/revisions"}],"predecessor-version":[{"id":6000,"href":"https:\/\/partediario.com.ar\/index.php?rest_route=\/wp\/v2\/posts\/5998\/revisions\/6000"}],"wp:featuredmedia":[{"embeddable":true,"href":"https:\/\/partediario.com.ar\/index.php?rest_route=\/wp\/v2\/media\/5999"}],"wp:attachment":[{"href":"https:\/\/partediario.com.ar\/index.php?rest_route=%2Fwp%2Fv2%2Fmedia&parent=5998"}],"wp:term":[{"taxonomy":"category","embeddable":true,"href":"https:\/\/partediario.com.ar\/index.php?rest_route=%2Fwp%2Fv2%2Fcategories&post=5998"},{"taxonomy":"post_tag","embeddable":true,"href":"https:\/\/partediario.com.ar\/index.php?rest_route=%2Fwp%2Fv2%2Ftags&post=5998"}],"curies":[{"name":"wp","href":"https:\/\/api.w.org\/{rel}","templated":true}]}}